{"id":10087,"date":"2015-12-31T07:25:16","date_gmt":"2015-12-31T12:25:16","guid":{"rendered":"http:\/\/www.revistazetta.com\/?p=10087"},"modified":"2015-12-31T07:25:16","modified_gmt":"2015-12-31T12:25:16","slug":"javier-curi-presidira-el-concejo","status":"publish","type":"post","link":"https:\/\/revistazetta.com\/?p=10087","title":{"rendered":"Javier Curi presidir\u00e1 el Concejo"},"content":{"rendered":"<p>El liberal Javier Curi Osorio obtuvo el consenso y ser\u00e1 elegido presidente del Concejo de Cartagena en el a\u00f1o 2016. La Mesa Directiva tambi\u00e9n tendr\u00e1 a un conservador como primer vicepresidente y a Ang\u00e9lica Hodeg, del partido Alianza Verde, como segunda vicepresidente.<\/p>\n<p>Los cinco concejales conservadores definir\u00e1n internamente qui\u00e9n va a la Mesa Directiva, donde Jorge Useche ha manifestado su inter\u00e9s.<\/p>\n<p>En la ronda final de conversaciones se estuvo considerando el nombre de Dunivia Torres, del partido de la U, para la Presidencia, pero la opci\u00f3n de Curi Osorio fue la que tuvo mayor respaldo.<\/p>\n<p>El triunfo de Manuel Vicente Duque en la Alcald\u00eda fue factor determinante para establecer las mayor\u00edas en el Concejo, y aunque el mandatario electo se ha mostr\u00f3 respetuoso del fuero interno de los concejales, lo cierto es que un \u201cmanolista\u201d estar\u00e1 al frente de la corporaci\u00f3n distrital.<\/p>\n<p>La postulaci\u00f3n de Javier Curi es la que se hab\u00eda mostrado m\u00e1s fuerte desde un principio, no solo porque fue desde un principio soldado de la causa de Manolo, sino porque ha concitado un buen bloque a favor. Al mismo tiempo, la candidatura de Duvinia Torres de ha venido abriendo paso, pese a no ser una de las cartas fuertes al principio de este proceso.<\/p>\n<p>Es obvio que la decisi\u00f3n est\u00e9 cerca de ser revelada debido a que se debe posesionar el nuevo Concejo y, desde luego, la nueva Mesa Directiva.<\/p>\n","protected":false},"excerpt":{"rendered":"<p>El liberal Javier Curi Osorio obtuvo el consenso y ser\u00e1 elegido presidente del Concejo de Cartagena en el a\u00f1o 2016. La Mesa Directiva tambi\u00e9n tendr\u00e1 a un conservador como primer vicepresidente y a Ang\u00e9lica Hodeg, del partido Alianza Verde, como segunda vicepresidente. Los cinco concejales conservadores definir\u00e1n internamente qui\u00e9n va a la Mesa Directiva, donde Jorge Useche ha manifestado su inter\u00e9s. En la ronda final de conversaciones se estuvo considerando el nombre de Dunivia Torres, del partido de la U, para la Presidencia, pero la opci\u00f3n de Curi Osorio fue&#8230; <\/p>\n","protected":false},"author":3,"featured_media":10089,"comment_status":"open","ping_status":"closed","sticky":false,"template":"","format":"standard","meta":{"footnotes":"","_links_to":"","_links_to_target":""},"categories":[27,4],"tags":[],"class_list":["post-10087","post","type-post","status-publish","format-standard","has-post-thumbnail","hentry","category-politicaconcejo","category-politica"],"_links":{"self":[{"href":"https:\/\/revistazetta.com\/index.php?rest_route=\/wp\/v2\/posts\/10087","targetHints":{"allow":["GET"]}}],"collection":[{"href":"https:\/\/revistazetta.com\/index.php?rest_route=\/wp\/v2\/posts"}],"about":[{"href":"https:\/\/revistazetta.com\/index.php?rest_route=\/wp\/v2\/types\/post"}],"author":[{"embeddable":true,"href":"https:\/\/revistazetta.com\/index.php?rest_route=\/wp\/v2\/users\/3"}],"replies":[{"embeddable":true,"href":"https:\/\/revistazetta.com\/index.php?rest_route=%2Fwp%2Fv2%2Fcomments&post=10087"}],"version-history":[{"count":0,"href":"https:\/\/revistazetta.com\/index.php?rest_route=\/wp\/v2\/posts\/10087\/revisions"}],"wp:featuredmedia":[{"embeddable":true,"href":"https:\/\/revistazetta.com\/index.php?rest_route=\/wp\/v2\/media\/10089"}],"wp:attachment":[{"href":"https:\/\/revistazetta.com\/index.php?rest_route=%2Fwp%2Fv2%2Fmedia&parent=10087"}],"wp:term":[{"taxonomy":"category","embeddable":true,"href":"https:\/\/revistazetta.com\/index.php?rest_route=%2Fwp%2Fv2%2Fcategories&post=10087"},{"taxonomy":"post_tag","embeddable":true,"href":"https:\/\/revistazetta.com\/index.php?rest_route=%2Fwp%2Fv2%2Ftags&post=10087"}],"curies":[{"name":"wp","href":"https:\/\/api.w.org\/{rel}","templated":true}]}}