{"id":10100,"date":"2015-12-31T18:12:14","date_gmt":"2015-12-31T23:12:14","guid":{"rendered":"http:\/\/www.revistazetta.com\/?p=10100"},"modified":"2015-12-31T18:12:14","modified_gmt":"2015-12-31T23:12:14","slug":"comienza-era-alcalde-manuel-vicente-duque","status":"publish","type":"post","link":"https:\/\/revistazetta.com\/?p=10100","title":{"rendered":"Comienza era Alcalde Manuel Vicente Duque"},"content":{"rendered":"<p>El alcalde saliente Dionisio V\u00e9lez entreg\u00f3 el bast\u00f3n de mando simb\u00f3lico al alcalde Manuel Vicente Duque V\u00e1squez, en ceremonia cumplida en el sal\u00f3n Vicente Mart\u00ednez Martelo del palacio de la Aduana.<\/p>\n<p>Es el acto protocolario por el cual queda investido con la autoridad administrativa, y donde tambi\u00e9n se le impuso un collar simb\u00f3lico que le confiere la potestad de otorgar reconocimientos protocolarios.<\/p>\n<p>El alcalde Duque estuvo acompa\u00f1ado por su familia, amigos cercanos y algunos miembros de su gabinete, como la jefe de protocolo, Eulalia Pinedo, y el jefe de comunicaci\u00f3n, Juan Carlos D\u00edaz Mart\u00ednez.<\/p>\n","protected":false},"excerpt":{"rendered":"<p>El alcalde saliente Dionisio V\u00e9lez entreg\u00f3 el bast\u00f3n de mando simb\u00f3lico al alcalde Manuel Vicente Duque V\u00e1squez, en ceremonia cumplida en el sal\u00f3n Vicente Mart\u00ednez Martelo del palacio de la Aduana. Es el acto protocolario por el cual queda investido con la autoridad administrativa, y donde tambi\u00e9n se le impuso un collar simb\u00f3lico que le confiere la potestad de otorgar reconocimientos protocolarios. El alcalde Duque estuvo acompa\u00f1ado por su familia, amigos cercanos y algunos miembros de su gabinete, como la jefe de protocolo, Eulalia Pinedo, y el jefe de comunicaci\u00f3n,&#8230; <\/p>\n","protected":false},"author":3,"featured_media":10096,"comment_status":"open","ping_status":"closed","sticky":false,"template":"","format":"standard","meta":{"footnotes":"","_links_to":"","_links_to_target":""},"categories":[2,32],"tags":[],"class_list":["post-10100","post","type-post","status-publish","format-standard","has-post-thumbnail","hentry","category-actualidad","category-actualidad-distrito"],"_links":{"self":[{"href":"https:\/\/revistazetta.com\/index.php?rest_route=\/wp\/v2\/posts\/10100","targetHints":{"allow":["GET"]}}],"collection":[{"href":"https:\/\/revistazetta.com\/index.php?rest_route=\/wp\/v2\/posts"}],"about":[{"href":"https:\/\/revistazetta.com\/index.php?rest_route=\/wp\/v2\/types\/post"}],"author":[{"embeddable":true,"href":"https:\/\/revistazetta.com\/index.php?rest_route=\/wp\/v2\/users\/3"}],"replies":[{"embeddable":true,"href":"https:\/\/revistazetta.com\/index.php?rest_route=%2Fwp%2Fv2%2Fcomments&post=10100"}],"version-history":[{"count":0,"href":"https:\/\/revistazetta.com\/index.php?rest_route=\/wp\/v2\/posts\/10100\/revisions"}],"wp:featuredmedia":[{"embeddable":true,"href":"https:\/\/revistazetta.com\/index.php?rest_route=\/wp\/v2\/media\/10096"}],"wp:attachment":[{"href":"https:\/\/revistazetta.com\/index.php?rest_route=%2Fwp%2Fv2%2Fmedia&parent=10100"}],"wp:term":[{"taxonomy":"category","embeddable":true,"href":"https:\/\/revistazetta.com\/index.php?rest_route=%2Fwp%2Fv2%2Fcategories&post=10100"},{"taxonomy":"post_tag","embeddable":true,"href":"https:\/\/revistazetta.com\/index.php?rest_route=%2Fwp%2Fv2%2Ftags&post=10100"}],"curies":[{"name":"wp","href":"https:\/\/api.w.org\/{rel}","templated":true}]}}