{"id":10102,"date":"2015-12-31T18:31:12","date_gmt":"2015-12-31T23:31:12","guid":{"rendered":"http:\/\/www.revistazetta.com\/?p=10102"},"modified":"2015-12-31T18:33:40","modified_gmt":"2015-12-31T23:33:40","slug":"los-primeros-nombramientos-del-alcalde-duque","status":"publish","type":"post","link":"https:\/\/revistazetta.com\/?p=10102","title":{"rendered":"Los primeros nombramientos del Alcalde Duque"},"content":{"rendered":"<p>El alcalde Manuel Vicente Duque se posesiona este viernes primero de enero en una ceremonia a cumplirse en el patio del Coliseo de Combate, y all\u00ed dar\u00e1 a conocer parte del equipo que le acompa\u00f1ar\u00e1 en la Administraci\u00f3n.<\/p>\n<p>Luz Estela C\u00e1ceres estar\u00e1 en la Secretar\u00eda General, mientras que Napole\u00f3n de la Rosa llega a la Secretar\u00eda de Hacienda, donde Rodolfo Morillo ser\u00e1 Tesorero.<\/p>\n<p>En la Secretar\u00eda del interior se baraja el nombre de Fernando Ni\u00f1o o de Carlos F\u00e9liz Monsalve, mientras que Luz Elena Paternina Mora, una cartagenera residente en Bogot\u00e1 y especialista reconocida, estar\u00e1 en la Secretar\u00eda de Planeaci\u00f3n.<\/p>\n<p>William Garc\u00eda Tirado gerenciar\u00e1 a Corvivienda; en el Dadis estar\u00e1 Adriana Meza Yepes y en educaci\u00f3n Germ\u00e1n Sierra Anaya.<\/p>\n<p>Edilberto Mendoza G\u00f3ez volver\u00e1 en el Departamento Administrativo de Tr\u00e1nsito y Transporte \u2013DATT, y Mar\u00eda Ang\u00e9lica Garc\u00eda Turbay regresar\u00e1 al Establecimiento P\u00fablico Ambiental -EPA &#8211; de Cartagena.<\/p>\n<p>La comunicadora Berta Arnedo asumir\u00e1 en el IPCC, en tanto que Hernando Pertuz Corcho ir\u00e1 al Instituto de Deportes y Recreaci\u00f3n &#8211; IDER. Otros comunicadores en el gabinete son Eulalia Pinedo Fl\u00f3rez, en la Oficina de Protocolo, y Juan Carlos D\u00edaz Mart\u00ednez, en el Departamento de Comunicaciones y Prensa.<\/p>\n<p>Mar\u00eda Eugenia Garc\u00eda Montes volver\u00e1 a la Oficina Asesora Jur\u00eddica, y Jos\u00e9 Ricaurte G\u00f3mez ser\u00e1 ratificado en Distriseguridad.<\/p>\n","protected":false},"excerpt":{"rendered":"<p>El alcalde Manuel Vicente Duque se posesiona este viernes primero de enero en una ceremonia a cumplirse en el patio del Coliseo de Combate, y all\u00ed dar\u00e1 a conocer parte del equipo que le acompa\u00f1ar\u00e1 en la Administraci\u00f3n. Luz Estela C\u00e1ceres estar\u00e1 en la Secretar\u00eda General, mientras que Napole\u00f3n de la Rosa llega a la Secretar\u00eda de Hacienda, donde Rodolfo Morillo ser\u00e1 Tesorero. En la Secretar\u00eda del interior se baraja el nombre de Fernando Ni\u00f1o o de Carlos F\u00e9liz Monsalve, mientras que Luz Elena Paternina Mora, una cartagenera residente en&#8230; <\/p>\n","protected":false},"author":3,"featured_media":10096,"comment_status":"open","ping_status":"closed","sticky":false,"template":"","format":"standard","meta":{"footnotes":"","_links_to":"","_links_to_target":""},"categories":[26,4],"tags":[],"class_list":["post-10102","post","type-post","status-publish","format-standard","has-post-thumbnail","hentry","category-politica-noticias","category-politica"],"_links":{"self":[{"href":"https:\/\/revistazetta.com\/index.php?rest_route=\/wp\/v2\/posts\/10102","targetHints":{"allow":["GET"]}}],"collection":[{"href":"https:\/\/revistazetta.com\/index.php?rest_route=\/wp\/v2\/posts"}],"about":[{"href":"https:\/\/revistazetta.com\/index.php?rest_route=\/wp\/v2\/types\/post"}],"author":[{"embeddable":true,"href":"https:\/\/revistazetta.com\/index.php?rest_route=\/wp\/v2\/users\/3"}],"replies":[{"embeddable":true,"href":"https:\/\/revistazetta.com\/index.php?rest_route=%2Fwp%2Fv2%2Fcomments&post=10102"}],"version-history":[{"count":0,"href":"https:\/\/revistazetta.com\/index.php?rest_route=\/wp\/v2\/posts\/10102\/revisions"}],"wp:featuredmedia":[{"embeddable":true,"href":"https:\/\/revistazetta.com\/index.php?rest_route=\/wp\/v2\/media\/10096"}],"wp:attachment":[{"href":"https:\/\/revistazetta.com\/index.php?rest_route=%2Fwp%2Fv2%2Fmedia&parent=10102"}],"wp:term":[{"taxonomy":"category","embeddable":true,"href":"https:\/\/revistazetta.com\/index.php?rest_route=%2Fwp%2Fv2%2Fcategories&post=10102"},{"taxonomy":"post_tag","embeddable":true,"href":"https:\/\/revistazetta.com\/index.php?rest_route=%2Fwp%2Fv2%2Ftags&post=10102"}],"curies":[{"name":"wp","href":"https:\/\/api.w.org\/{rel}","templated":true}]}}