{"id":10168,"date":"2016-01-01T23:30:34","date_gmt":"2016-01-02T04:30:34","guid":{"rendered":"http:\/\/www.revistazetta.com\/?p=10168"},"modified":"2016-01-01T23:30:34","modified_gmt":"2016-01-02T04:30:34","slug":"lucha-contra-desigualdad-y-corrupcion-enfasis-en-discurso-del-alcalde-duque","status":"publish","type":"post","link":"https:\/\/revistazetta.com\/?p=10168","title":{"rendered":"Lucha contra desigualdad y corrupci\u00f3n, \u00e9nfasis en discurso del Alcalde Duque"},"content":{"rendered":"<p>La lucha contra la desigualdad y cero tolerancia a la corrupci\u00f3n fueron los aspectos que dominaron el discurso de posesi\u00f3n del nuevo alcalde de Cartagena, Manuel Vicente Duque, donde el deporte y la cultura surgen como elementos vitales en la nueva ruta de Cartagena.<\/p>\n<p>Este es el texto completo del discurso:<\/p>\n<p>DISCURSO DE POSESI\u00d3N DEL ALCALDE DE CARTAGENA<\/p>\n<p>MANUEL VICENTE DUQUE V\u00c1SQUEZ<\/p>\n<p>Cartagena de Indias, 1 de enero de 2016<\/p>\n<p><a href=\"https:\/\/www.revistazetta.com\/wp-content\/uploads\/2016\/01\/DSC_4790.jpg\"><img loading=\"lazy\" decoding=\"async\" class=\" size-medium wp-image-10135 alignright\" src=\"https:\/\/www.revistazetta.com\/wp-content\/uploads\/2016\/01\/DSC_4790-300x240.jpg\" alt=\"DSC_4790\" width=\"300\" height=\"240\" srcset=\"https:\/\/revistazetta.com\/wp-content\/uploads\/2016\/01\/DSC_4790-300x240.jpg 300w, https:\/\/revistazetta.com\/wp-content\/uploads\/2016\/01\/DSC_4790.jpg 600w\" sizes=\"auto, (max-width: 300px) 100vw, 300px\" \/><\/a><\/p>\n<p>Amigos y amigas.<\/p>\n<p>&nbsp;<\/p>\n<p>Dirigir los destinos de la ciudad que me vio nacer es la mayor distinci\u00f3n que he recibido.<\/p>\n<p>&nbsp;<\/p>\n<p>Ruego al Alt\u00edsimo para que me d\u00e9 sabidur\u00eda; mucha sabidur\u00eda para gobernar con tino, prudencia, equilibrio y justicia, para aportar mi granito de arena en procura del bienestar de los hombres y mujeres que habitan esta sufrida y valiente ciudad.<\/p>\n<p>&nbsp;<\/p>\n<p>Doy gracias a Dios Todopoderoso por esta oportunidad de servir a mi ciudad. No puedo dejar de decir al pueblo cartagenero y a Colombia entera que mi familia y yo nos sentimos muy agradecidos por recibir el honor de elegirme alcalde de Cartagena.<\/p>\n<p>&nbsp;<\/p>\n<p>Ser alcalde de Cartagena es un reto grande. \u00a1no ser\u00e9 inferior a \u00e9l!<\/p>\n<p>&nbsp;<\/p>\n<p>Todo mi tiempo, toda mi energ\u00eda, toda mi capacidad estar\u00e1 \u00edntegramente, al servicio de mi ciudad. Gracias al noble pueblo cartagenero por elegirme, por confiar en m\u00ed, en mis capacidades. Cartagena es una ciudad universal, querida por propios y extra\u00f1os. Cartagena es un pedazo de tierra f\u00e9rtil, ba\u00f1ada por el mar e iluminada por el sol del gran Caribe, convertida por la fuerza de la historia, por el valor de sus habitantes y por el peso de su cultura, en patrimonio de la humanidad.<\/p>\n<p>&nbsp;<\/p>\n<p>Los cartageneros y cartageneras somos gente fundamentalmente buena, decente y honesta. Gente trabajadora, emprendedora, creativa. Atributos que se demostraron cuando al grito de \u00a1Manolo va! M\u00e1s de 125.000 cartageneros nos unimos para enfrentar y vencer la adversidad. Ahora, \u00a1es el turno de la gente!<\/p>\n<p>&nbsp;<\/p>\n<p>De la gente del com\u00fan, que de manera espont\u00e1nea decidi\u00f3 unirse, participar y gobernar usando como organizaci\u00f3n pol\u00edtica el movimiento \u201c\u00a1Primero la Gente!\u201d<\/p>\n<p>\u201c\u00a1Primero la Gente!\u201d es una iniciativa ciudadana que busca generar desarrollo humano, disminuir la desigualdad, garantizar la seguridad y promover crecimiento econ\u00f3mico, teniendo como punto de partida al ser humano. \u00a1A la gente!<\/p>\n<p>&nbsp;<\/p>\n<p>\u201c\u00a1Primero la Gente!\u201d fue la respuesta que un grupo de personas se invent\u00f3 para abrir la puerta de la democracia, usualmente custodiada por una \u00e9lite decadente que se apoder\u00f3 de los partidos pol\u00edticos tradicionales. Lideramos un ejercicio de verdadera participaci\u00f3n ciudadana, en el que la ciudadan\u00eda se fue a las calles, barrio a barrio, en procura de colocar el poder del Estado en las manos de la gente.<\/p>\n<p>&nbsp;<\/p>\n<p>Yo, que a trav\u00e9s de mi profesi\u00f3n no hab\u00eda hecho cosa distinta que informar, d\u00e1ndole voz a la gente, representando la voz de los otros, fui llamado por el pueblo con el prop\u00f3sito de unir a la gente, de cuidarla, de protegerla y ayudar a construir un futuro mejor.<\/p>\n<p>&nbsp;<\/p>\n<p>Por eso, no es casualidad que hoy estemos recibiendo el mandato ciudadano aqu\u00ed, en el coraz\u00f3n adolorido de la otra Cartagena, en los patios del emblem\u00e1tico coliseo de combate; teniendo como testigo a la gente de sectores tradicionalmente marginados, como Chiquinquir\u00e1, Republica de Venezuela, 13 de Junio, Olaya Herrera, Escall\u00f3n Villa, entre tantos otros.<\/p>\n<p>&nbsp;<\/p>\n<p>Aqu\u00ed est\u00e1 el esp\u00edritu de los grandes atletas paridos por esta ciudad; en estos escenarios que nos rodean quedaron plasmadas sus haza\u00f1as, sus gambetas, sus extraordinarias atrapadas, sus fintas, sus nocauts.<\/p>\n<p>&nbsp;<\/p>\n<p>Aqu\u00ed estuvo el viejo Jolber Cabrera buscando talentos, y nos dej\u00f3 para la historia a sus hijos, los big leaguer Jolber y Orlando Cabrera.<\/p>\n<p>&nbsp;<\/p>\n<p>Por aqu\u00ed pasaron el gran Bernardo Baraballo, Antonio Cervantes Kid Pambel\u00e9, Rocky Valdez y tantos otros, quienes a trav\u00e9s del deporte le arrancaron sonrisas a la gente en medio de las dificultades. Por aqu\u00ed tambi\u00e9n estuvieron los grandes de la radio, de los que me aliment\u00e9 para formarme en el periodismo deportivo: Melanio Porto Ariza, Napole\u00f3n Perea Castro, Luis Alberto Payares Villa, el mismo Campo El\u00edas.<\/p>\n<p>&nbsp;<\/p>\n<p>Esa es la Cartagena gloriosa que el pa\u00eds reconoce. La Cartagena hecha heroica por sus m\u00e1rtires en la independencia y convertida en fant\u00e1stica por la grandeza de su gente. La mirada de primero la gente: la ciudad que recibimos. En esa misma ciudad, pareciera que lo menos importante fuera la gente.<\/p>\n<p>&nbsp;<\/p>\n<p>En Cartagena, los niveles de desigualdad y exclusi\u00f3n social a la que hemos estado sometidos son intolerables. Creo que hoy, m\u00e1s que en ning\u00fan otro momento de nuestra historia reciente, necesitamos una nueva forma de organizarnos como sociedad, basada en aquellas cosas que nos unen.<\/p>\n<p>&nbsp;<\/p>\n<p>No podemos permitir que la mayor parte de la gente siga en unas condiciones de desigualdad absurdas, que excluyen y marginan. Tenemos que ser capaces, como sociedad, de lograr una distribuci\u00f3n equitativa de los bienes p\u00fablicos. Las se\u00f1ales de la econom\u00eda no nos son favorables. La crisis econ\u00f3mica mundial va a influir negativamente en la economia nacional y local, afectando de manera significativa los ingresos corrientes del Distrito.<\/p>\n<p>&nbsp;<\/p>\n<p>Tendremos que acudir a fuentes modernas y alternativas de financiaci\u00f3n que nos permitan fortalecer nuestras finanzas p\u00fablicas, para apalancar el desarrolllo local: cooperaci\u00f3n internacional, asociaciones p\u00fablico-privadas, valorizaci\u00f3n, etc.<\/p>\n<p>&nbsp;<\/p>\n<p><strong>Convocar\u00e9 a la bancada de congresistas bolivarenses para que me acompa\u00f1e a gestionar ante el gobierno nacional los recursos necesarios para los grandes proyectos que nuestra ciudad reclama, en la intenci\u00f3n de conducir nuestro territorio hacia el desarrollo.<\/strong><\/p>\n<p>&nbsp;<\/p>\n<p><strong>En esta cruzada contra la pobreza, hago un llamado respetuoso y cordial al sector privado de Cartagena de Indias para que pase de la responsabilidad social empresarial a la generaci\u00f3n de valor compartido.<\/strong><\/p>\n<p>&nbsp;<\/p>\n<p>Es hora de unir esfuerzos concentrar recursos y encausar iniciativas para impulsar un nuevo modelo de desarrollo humano, de tal suerte que junto con los beneficios corporativos coexista el bienestar y el desarrollo para las comunidades.<\/p>\n<p>&nbsp;<\/p>\n<p>Se\u00f1ores empresarios: es hora de aunar esfuerzos del sector p\u00fablico, privado y social para transformar el presente y construir un futuro esperanzador para la gente.<\/p>\n<p>&nbsp;<\/p>\n<p>Todos tenemos que hacer sacrificios y proteger a los m\u00e1s necesitados, a los m\u00e1s d\u00e9biles.<\/p>\n<p>&nbsp;<\/p>\n<p>Hoy mas que nunca tenemos que enfrentar y derrotar flagelos como la corrupci\u00f3n y el despilfarro, que desangran las arcas del estado e impiden una adecuada distribuci\u00f3n de los bienes p\u00fablicos. \u00a1La corrupci\u00f3n es el enemigo # 1 del progreso! Me propongo liderar un gobierno aust\u00e9ro, que no patrocinar\u00e1 la corrupci\u00f3n. \u00a1Que tiemblen los corruptos! Voy a defender con mi vida, si es necesario, la plata de la educaci\u00f3n, de la salud, de la cultura, del deporte, de las obras p\u00fablicas.<\/p>\n<p>&nbsp;<\/p>\n<p>Que los corruptos se cosan los bolsillos o se los llenen de piedra. La plata del Estado se utilizar\u00e1 para proveer los bienes p\u00fablicos que la gente requiere.<\/p>\n<p>&nbsp;<\/p>\n<p>Ya no es suficiente conmovernos frente a la situaci\u00f3n de la ciudad y de su gente. Ahora es necesario movernos en la direcci\u00f3n correcta, tomando las decisiones que se requieren y emprendiendo las acciones necesarias. La Cartagena de hoy es una ciudad fragmentada, con una grave crisis de valores en la que los ciudadanos han abandonado el deseo de participar en las acciones del estado.<\/p>\n<p>&nbsp;<\/p>\n<p>La ciudad se ha estancado en el tiempo, en t\u00e9rminos del progreso generalizado. No obstante nuestra condici\u00f3n de sede alterna del gobierno nacional, de ser reconocida patrimonio de la humanidad, de ser epicentro de los m\u00e1s importantes congresos del mundo, de contar con un poderoso sector industrial, desde donde se amasa la m\u00e1s grande fortuna del pa\u00eds; a pesar de todo ello, los \u00edndices de desarrollo humano, econ\u00f3mico y social de nuestra ciudad, nos muestran la enorme desigualdad que existe entre unos pocos y la gran mayor\u00eda de la gente.<\/p>\n<p>&nbsp;<\/p>\n<p>Cartagena ha crecido, pero su crecimiento no ha sido ordenado ni planificado y mucho menos arm\u00f3nico. El mar no ha sido fuente de riqueza para todos. Nuestra herencia colonial, en la que se soporta buena parte de la actividad tur\u00edstica y comercial, no ha sido suficiente para garantizarnos mejores condiciones de vida.<\/p>\n<p>&nbsp;<\/p>\n<p>No hemos logrado apretar lazos de uni\u00f3n con mupicipios vecinos.<\/p>\n<p>&nbsp;<\/p>\n<p>Un alto porcentaje de nuestra poblaci\u00f3n vive en condiciones deplorables. Aun hoy, el paseo de la muerte es una realidad, por la ausencia de una infraestructura hospitalaria que brinde atenci\u00f3n oportuna a la salud de las personas.<\/p>\n<p>&nbsp;<\/p>\n<p>La vida de los cartageneros y las cartageneras, sus bienes y en muchos casos su honra, est\u00e1 ligada m\u00e1s al azar que al imperio de la ley y a la capacidad del estado de impartir justicia e imponer el orden. \u00a1Todos hemos sentido temor! La inseguridad nos perturba.<\/p>\n<p>&nbsp;<\/p>\n<p>Buena parte de nuestros j\u00f3venes han ca\u00eddo como presas f\u00e1ciles de flagelos sociales como la drogadicci\u00f3n, la prostituci\u00f3n y la violencia, lo que nos ha dejado en una situaci\u00f3n dolorosa como sociedad, en la que los padres tienen que sepultar a sus hijos.<\/p>\n<p>&nbsp;<\/p>\n<p>Nuestro sistema educativo, no ha sido capaz de construir masa cr\u00edtica, estamos ense\u00f1ando con modelos pedag\u00f3gicos de m\u00e1s de un siglo, a nuevas generaciones que nacen en medio del m\u00e1s grande desarrollo de la ciencia la tecnolog\u00eda y la innovaci\u00f3n.<\/p>\n<p>&nbsp;<\/p>\n<p>Tenemos una de las m\u00e1s bajas tasas de ocupaci\u00f3n, una de la m\u00e1s alta tasa de informalidad y una tasa de desempleo cercano al 10 %, lo que pone a nuestra gente en condiciones desventajosas, en especial a las minor\u00edas y coloca en estado de indefensi\u00f3n a nuestros ni\u00f1os, ni\u00f1as y adolescentes a quienes en muchos casos les toca salir a rebuscarse para sobrevivir.<\/p>\n<p>&nbsp;<\/p>\n<p>Nuestra herencia cultural, nuestro talento para las artes, para el deporte, para la creatividad y la innovaci\u00f3n, se desperdicia al no encontrar el apoyo estatal para desarrollarse.<\/p>\n<p>&nbsp;<\/p>\n<p>En palabras de nuestro premio nobel: \u201cSin embargo, frente a la opresi\u00f3n, el saqueo y el abandono, nuestra respuesta ha sido la vida\u201d<\/p>\n<p>&nbsp;<\/p>\n<p>En efecto, frente a todas las dificultades, la respuesta del pueblo cartagenero es y ha sido la vida. Una vida alegre pero no siempre feliz.<\/p>\n<p>&nbsp;<\/p>\n<p>Un pacto social por Cartagena: Cartagena es la gente<\/p>\n<p>&nbsp;<\/p>\n<p>Frente a estas condiciones en que se encuentra la ciudad y su gente, creo que lo correcto es que abramos un di\u00e1logo franco, directo y continuo, entre los diversos actores sociales, econ\u00f3micos, pol\u00edticos y religiosos, en procura de ponernos de acuerdo para recorrer juntos la ruta que nos conduzca al desarrollo, teniendo como objetivo principal el bienestar de la gente.<\/p>\n<p>&nbsp;<\/p>\n<p>\u00a1Primero la gente!<\/p>\n<p>&nbsp;<\/p>\n<p>Voy a pedir a cada uno de estos actores, que aporte lo que cada uno pueda aportar.<\/p>\n<p>&nbsp;<\/p>\n<p>Soy un convencido que la principal riqueza de nuestra ciudad est\u00e1 en su gente por lo tanto, quiero gobernar en procura de cerrar las brechas sociales, privilegiando el inter\u00e9s de la ciudadan\u00eda en general por encima del inter\u00e9s particular.<\/p>\n<p>&nbsp;<\/p>\n<p><strong>Son tres los grandes objetivos del gobierno que a partir de hoy comienzo a liderar:<\/strong><\/p>\n<p>&nbsp;<\/p>\n<p><strong>Mi primer gran objetivo est\u00e1 dirigido a superar la desigualdad.<\/strong> En efecto, la extrema desigualdad entre los habitantes de nuestra ciudad debe terminar. La igualdad ser\u00e1 el \u00fanico horizonte posible. Una igualdad con enfoque de derechos que garantice el acceso y disfrute pleno, de bienes p\u00fablicos esenciales. Superaremos la desigualdad usando como herramientas principales la educaci\u00f3n, el deporte, el arte y la cultura. La educaci\u00f3n ser\u00e1 el veh\u00edculo en el que nos movilizaremos para lograr inclusi\u00f3n social.<\/p>\n<p>&nbsp;<\/p>\n<p>Garantizaremos a la gente una educaci\u00f3n pertinente y de calidad que construya una ciudadan\u00eda productiva. Durante el periodo de gobierno que hoy inicia, Cartagena se convertir\u00e1 en una sola escuela que brindar\u00e1 educaci\u00f3n a la gente del siglo XXI. Una sola escuela que incorpora a todos los miembros de la sociedad en la formacion de sus integrantes, dandole valor a la celula de la sociedad: a la familia.<\/p>\n<p>&nbsp;<\/p>\n<p>La educaci\u00f3n transforma verdaderamente al individuo, cuando se fortalece desde la casa y se soporta en la familia. Vamos a rescatar el valor de la familia en la educaci\u00f3n de los cartageneros. Recuperaremos la importancia, la confianza y el reconocimiento de la educaci\u00f3n p\u00fablica en Cartagena, sin desconocer la importancia de la educaci\u00f3n privada.<\/p>\n<p>&nbsp;<\/p>\n<p>Nos preocuparemos por atender a nuestros ni\u00f1os y ni\u00f1as desde el momento de su nacimiento, procur\u00e1ndoles condiciones de vida dignas para su desarrollo, en jardines y centros de atenci\u00f3n a la primera infancia. Dise\u00f1aremos un plan de est\u00edmulos para mantener a nuestros j\u00f3venes y adolescentes en la escuela, arrancandolos de las garras de la violencia, de las drogas, de la prostituci\u00f3n y de la desesperanza. Nuestros j\u00f3venes estar\u00e1n m\u00e1s tiempo en las aulas de clases y menos tiempo en la calle.<\/p>\n<p>&nbsp;<\/p>\n<p>Vamos a tocar las puertas del gobierno nacional para aumentar el n\u00famero de aulas y mejorar nuestros ambientes escolares para vincular nuestros estudiantes a jornada \u00fanica, en procura de mejorar la calidad de la educaci\u00f3n.<\/p>\n<p>&nbsp;<\/p>\n<p>Destinar\u00e9 los recursos necesarios para fortalecer el Colegio Mayor de Bol\u00edvar de manera que nuestros j\u00f3venes encuentren oportunidades reales y a su alcance para formarse en carreras tecnicas y tecnologicas.<\/p>\n<p>&nbsp;<\/p>\n<p><strong>Soy un hombre de deporte<\/strong>. Entiendo la importancia de la disciplina deportiva en el desarrollo de los pueblos. Tambi\u00e9n conozco el gran potencial para el deporte que hay en nuestros barrios, en nuestros corregimientos. El deporte es otra manera digna de superar las trampas de la pobreza, los ejemplos de j\u00f3venes que han salido de nuestros barrios populares a brillar con luz propia como estrellas en el firmamento, abundan: Julio Teher\u00e1n, Giovani Urzola, Yersi Puello, Dilson Herrera, Sugar Ray Marim\u00f3n, Cristian Marrugo, entre muchos otros.<\/p>\n<p>&nbsp;<\/p>\n<p>Haremos de Cartagena la ciudad deportiva de colombia. Cada barrio de nuestra ciudad y sus corregimientos seran dotados con escenarios deportivos dignos, que estimulen e incentiven la practica deportiva.<\/p>\n<p>Tocaremos todas las puertas que tengamos que tocar, tanto del gobierno nacional, como del beisbol organizado, la de los grandes equipos de futbol y basquetbol del mundo en procura de incentivar la pr\u00e1ctica masiva del deporte en nuestra ciudad.<\/p>\n<p>&nbsp;<\/p>\n<p>Buscaremos que en Cartagena instalen sus campos de entrenamiento las mejores organizaciones deportivas del mundo y que nuestra ciudad sea sede de grandes eventos deportivos, como el cl\u00e1sico mundial de beisbol o la misma serie del caribe.<\/p>\n<p>&nbsp;<\/p>\n<p><strong>Haremos uso del arte y la cultura para combatir la pobreza y la desigualdad.<\/strong> Toda Cartagena ser\u00e1 un espacio para poner en escena el resurgimiento de la vida y de la reconciliaci\u00f3n entre los cartageneros.<\/p>\n<p>&nbsp;<\/p>\n<p>Incentivando el deporte, el arte y la cultura podremos tener una cartagena sin pandillas, porque nuestros jovenes podran optar por recrearse y competir a traves del arte, del deporte, de la cultura. Aprovecharemos nuestra herencia cultural, e incentivaremos su creatividad y talento. Sembraremos la semilla para estimular a nuestros jovenes a seguir los pasos de artistas como el gran joe arroyo, el maestro heriberto cogollo, juan carlos coronel.<\/p>\n<p>&nbsp;<\/p>\n<p>Impulsaremos la econom\u00eda creativa local apoyando la producci\u00f3n de bienes y servicios creativos, para lo cual transformaremos estructuralmente el IPCC, fortaleci\u00e9ndolo presupuestal, t\u00e9cnica y administrativamente.<\/p>\n<p>&nbsp;<\/p>\n<p>Vamos a implementar una agenda art\u00edstica y cultural permanente a nivel barrial, que nos permita crear e institucionalizar el festival distrital de las artes como un espacio de encuentro del sector art\u00edstico y cultural proveniente de los barrios y corregimientos de la ciudad.<\/p>\n<p>&nbsp;<\/p>\n<p>Cartagena siempre ha sido el epicentro de la paz nacional. Esa paz hoy anhelada por todos los colombianos y por la que el se\u00f1or Presidente de la Rep\u00fablica, dr. Juan Manuel Santos Calder\u00f3n ha puesto todo su empe\u00f1o. Nos declaramos amigos de la paz, amigos del proceso de paz que de manera valiente nuestro se\u00f1or presidente ha liderado.<\/p>\n<p>&nbsp;<\/p>\n<p>Desde aqu\u00ed y ahora, ofrecemos a Cartagena como la ciudad que lidere la reconciliaci\u00f3n en el posconflicto. Tenemos en cartagena m\u00e1s de 112.000 v\u00edctimas del conflicto armado. Estas personas engruesan el cord\u00f3n de miseria de nuestra ciudad. Lideraremos el dise\u00f1o e implementaci\u00f3n de acciones afirmativas para la inclusi\u00f3n social y restituci\u00f3n de derechos de la poblaci\u00f3n victima asentada en nuestra ciudad. Vamos a promover la creaci\u00f3n de una instancia administrativa distrital del m\u00e1s alto nivel que se encargue de manejar el tema de v\u00edctimas en el distrito.<\/p>\n<p>&nbsp;<\/p>\n<p><strong>Mi segundo gran objetivo de gobierno es adaptar el territorio para la gente.<\/strong><\/p>\n<p>Vamos a planificar la ciudad que vivimos, que es la ciudad que dejaremos a nuestros hijos, y a los hijos de sus hijos. Generaremos un territorio planificado, con un h\u00e1bitat urbano y rural apropiado para la dignidad de la gente, enmarcado en un entorno econ\u00f3mico s\u00f3lido y din\u00e1mico.<\/p>\n<p>&nbsp;<\/p>\n<p>Necesitamos construir una ciudad en la que el espacio p\u00fablico sea de alta calidad y en el que la gente tenga unas posibilidades de movilidad sin limitaciones distintas a las de cualquier ciudad organizada del mundo.<\/p>\n<p>&nbsp;<\/p>\n<p>Con la ayuda de todos los cartageneros y cartageneras tendremos una ciudad que regula y controla el uso de los recursos naturales y la calidad del ambiente a fin de garantizar un medio ambiente sostenible y sustentable, pensando en las generaciones futuras.<\/p>\n<p>&nbsp;<\/p>\n<p>Solo si adaptamos el territorio para la gente, podremos hacer de Cartagena una ciudad para invertir, cuya din\u00e1mica urbana y el h\u00e1bitat, permiten generar un verdadero crecimiento y desarrollo econ\u00f3mico que permee favorablemente a todos los habitantes del territorio.<\/p>\n<p>&nbsp;<\/p>\n<p>Estoy convencido de que promover la igualdad social no ri\u00f1e, de ninguna manera, con la promoci\u00f3n y el fortalecimiento del dinamismo econ\u00f3mico.<\/p>\n<p>&nbsp;<\/p>\n<p>Necesitamos propiciar la adaptaci\u00f3n de nuestros j\u00f3venes a un entorno digital en procura de generar nuevas actividades productivas a partir de la creatividad y la innovaci\u00f3n.<\/p>\n<p>&nbsp;<\/p>\n<p>Seremos celosos de la contrataci\u00f3n preferencial de mano de obra local en todos los proyectos que se ejecuten en nuestro territorio con recursos p\u00fablicos.<\/p>\n<p>&nbsp;<\/p>\n<p>Uno de los factores de competitividad en el que nuestro territorio se muestra rezagado es el de infraestructura, especificamente en infraestructura vial, lo que afecta de manera grave nuestra movilidad e incrementa de manera vergonzosa los indices de accidentalidad y mortalidad vial.<\/p>\n<p>&nbsp;<\/p>\n<p>El nuestro es el gobierno de la puesta en marcha y operaci\u00f3n real de Transcaribe. Me comprometo, a que Transcaribe opere y a que la ciudad se empodere de esta nueva forma de movilizarnos.<\/p>\n<p>&nbsp;<\/p>\n<p>La ciudad es la gente. Necesitamos adaptar elterritorio para la gente. Esto nos exige mirar con seriedad la situacion ambiental de la ciudad. El cambio clim\u00e1tico es una realidad y sus efectos son devastadores. El plan 4c que de manera acertada ha dise\u00f1ado la ciudad debe implementarse, lo vamos a ejecutar.<\/p>\n<p>&nbsp;<\/p>\n<p>El aumento del nivel del mar golpea de manera significativa las ciudades costeras. Soy consciente de la gran importancia para la ciudad del plan maestro de drenajes pluviales. Voy a jug\u00e1rmela toda para iniciar la primera etapa de este macro proyecto pues la ciudad lo necesita. Esa es una obra impostergable para el bienestar y calidad de vida de la gente.<\/p>\n<p>&nbsp;<\/p>\n<p>En este 2016, la ciudad tendr\u00e1 que sentarse a discutir, construir y aprobar el nuevo Plan de Ordenamiento Territorial. El POT es el mas importante instrumento de planificaci\u00f3n del territorio en procura de un verdadero desarrollo. La ciudad esta en mora de dise\u00f1ar y ejecutar una verdadera renovaci\u00f3n urbana en sectores tradicionales deteriorados por diversos factores. De igual manera, vamos a proponer el mejoramiento integral de barrios que han surgido sin organizaci\u00f3n ni planificacion alguna.<\/p>\n<p>Aprovecharemos para este fin, recursos internacionales que apuntan a adaptarnos al cambio climatico.<\/p>\n<p>&nbsp;<\/p>\n<p><strong>El tercer objetivo de mi gobierno es construir ciudadan\u00eda y fortalecer la institucionalidad.<\/strong><\/p>\n<p>Estoy convencido que el bienestar y el desarrollo que proponemos para nuestra ciudad, solo es posible si contamos con buenas pr\u00e1cticas en el gobierno y con una ciudadan\u00eda fuerte, que construya, vigile y defienda la institucionalidad.<\/p>\n<p>&nbsp;<\/p>\n<p>Voy a garantizarle a la gente una seguridad integral que nos permita una convivencia ciudadana efectiva y arm\u00f3nica.<\/p>\n<p>&nbsp;<\/p>\n<p>Vamos a construir una ciudadan\u00eda sin miedos, combinando control e inteligencia policial con medios tecnol\u00f3gicos para la seguridad, medidas de prevenci\u00f3n del delito e inversion social. Implementaremos el programa Cartagena sin Pandillas con el que convocaremos al di\u00e1logo a j\u00f3venes infractores con representantes del gobierno local, para lograr consensos en torno a lo que ellos esperan del Estado.<\/p>\n<p>&nbsp;<\/p>\n<p>Brindaremos oportunidades reales a nuestros j\u00f3venes para desarrollarse sanamente a traves del deporte, el arte, la educacion de calidad y la cultura.<\/p>\n<p>&nbsp;<\/p>\n<p>Pero tambi\u00e9n estaremos prestos a ejercer la debida autoridad para combatir la ilegalidad, la violencia, las pandillas. Anuncio que a partir de esta toma de posesi\u00f3n declaramos la guerra sin cuartel a la venta y consumo de drogas. Vamos a atacar las entra\u00f1as del microtr\u00e1fico que tanto da\u00f1o causa a nuestros j\u00f3venes.<\/p>\n<p>&nbsp;<\/p>\n<p>Vamos a construir, a partir de la educaci\u00f3n, el deporte, y el arte, una verdadera cultura ciudadana, que nos permita la convivencia pac\u00edfica y saludable, y genere confianza entre los ciudadanos y de estos con las instituciones.<\/p>\n<p>&nbsp;<\/p>\n<p>Para nadie es un secreto que la alcald\u00eda de cartagena es una instituci\u00f3n del siglo XIX, con estructura y funcionalidad del siglo XX, que atiende necesidades de la gente del siglo XXI.<\/p>\n<p>&nbsp;<\/p>\n<p>Me he propuesto generar un desarrollo institucional que le permita a la Alcald\u00eda distrital cumplir con eficiencia, oportunidad, transparencia y econom\u00eda sus funciones misionales en beneficio de la gente.<\/p>\n<p>&nbsp;<\/p>\n<p>Se\u00f1oras y se\u00f1ores.<\/p>\n<p>&nbsp;<\/p>\n<p>No puedo dejar pasar esta oportunidad sin dar las gracias al viejo Manuel duque y a do\u00f1a Yolanda V\u00e1squez, mis padres, por la educaci\u00f3n, los principios y valores que me entregaron. Son esas las principales herramientas con que cuento para gobernar esta ciudad.<\/p>\n<p>&nbsp;<\/p>\n<p>A mi esposa Viviana S\u00e1nchez, t\u00edpica mujer cartagenera que por mas de 20 a\u00f1os me ha acompa\u00f1ado, con amor dedicaci\u00f3n y abnegaci\u00f3n, as\u00ed como a mis hijos Sebasti\u00e1n y Manolo, les pido paciencia, porque he decidido quitarles un poco del tiempo que he dedicado siempre a mi hogar para dedicarlo al hogar grande que es mi Cartagena.<\/p>\n<p>&nbsp;<\/p>\n<p>A mi hermana Margarita, a mi hermano menor Jos\u00e9 Juli\u00e1n, a su esposa Vanessa, a sus peque\u00f1os hijos. Gracias por estar aqu\u00ed acompa\u00f1\u00e1ndome. Les ruego, no suelten mi mano.<\/p>\n<p>&nbsp;<\/p>\n<p>Y a ustedes amigos y amigas, no dejen de pedir a Dios por m\u00ed y por este gobierno que hoy comenzamos.<\/p>\n<p>&nbsp;<\/p>\n<p>Este es el gobierno de ustedes. Este es el gobierno de la gente. \u00a1Primero la gente!<\/p>\n<p>&nbsp;<\/p>\n<p>\u00a1Que Dios nos bendiga!<\/p>\n<p>&nbsp;<\/p>\n<p>Muchas gracias.<\/p>\n<p>&nbsp;<\/p>\n","protected":false},"excerpt":{"rendered":"<p>La lucha contra la desigualdad y cero tolerancia a la corrupci\u00f3n fueron los aspectos que dominaron el discurso de posesi\u00f3n del nuevo alcalde de Cartagena, Manuel Vicente Duque, donde el deporte y la cultura surgen como elementos vitales en la nueva ruta de Cartagena. Este es el texto completo del discurso: DISCURSO DE POSESI\u00d3N DEL ALCALDE DE CARTAGENA MANUEL VICENTE DUQUE V\u00c1SQUEZ Cartagena de Indias, 1 de enero de 2016 Amigos y amigas. &nbsp; Dirigir los destinos de la ciudad que me vio nacer es la mayor distinci\u00f3n que he&#8230; <\/p>\n","protected":false},"author":3,"featured_media":10174,"comment_status":"open","ping_status":"closed","sticky":false,"template":"","format":"standard","meta":{"footnotes":"","_links_to":"","_links_to_target":""},"categories":[2,32],"tags":[],"class_list":["post-10168","post","type-post","status-publish","format-standard","has-post-thumbnail","hentry","category-actualidad","category-actualidad-distrito"],"_links":{"self":[{"href":"https:\/\/revistazetta.com\/index.php?rest_route=\/wp\/v2\/posts\/10168","targetHints":{"allow":["GET"]}}],"collection":[{"href":"https:\/\/revistazetta.com\/index.php?rest_route=\/wp\/v2\/posts"}],"about":[{"href":"https:\/\/revistazetta.com\/index.php?rest_route=\/wp\/v2\/types\/post"}],"author":[{"embeddable":true,"href":"https:\/\/revistazetta.com\/index.php?rest_route=\/wp\/v2\/users\/3"}],"replies":[{"embeddable":true,"href":"https:\/\/revistazetta.com\/index.php?rest_route=%2Fwp%2Fv2%2Fcomments&post=10168"}],"version-history":[{"count":0,"href":"https:\/\/revistazetta.com\/index.php?rest_route=\/wp\/v2\/posts\/10168\/revisions"}],"wp:featuredmedia":[{"embeddable":true,"href":"https:\/\/revistazetta.com\/index.php?rest_route=\/wp\/v2\/media\/10174"}],"wp:attachment":[{"href":"https:\/\/revistazetta.com\/index.php?rest_route=%2Fwp%2Fv2%2Fmedia&parent=10168"}],"wp:term":[{"taxonomy":"category","embeddable":true,"href":"https:\/\/revistazetta.com\/index.php?rest_route=%2Fwp%2Fv2%2Fcategories&post=10168"},{"taxonomy":"post_tag","embeddable":true,"href":"https:\/\/revistazetta.com\/index.php?rest_route=%2Fwp%2Fv2%2Ftags&post=10168"}],"curies":[{"name":"wp","href":"https:\/\/api.w.org\/{rel}","templated":true}]}}