{"id":10175,"date":"2016-01-01T23:33:00","date_gmt":"2016-01-02T04:33:00","guid":{"rendered":"http:\/\/www.revistazetta.com\/?p=10175"},"modified":"2016-01-01T23:33:00","modified_gmt":"2016-01-02T04:33:00","slug":"el-discurso-del-alcalde-duque-en-32-frases","status":"publish","type":"post","link":"https:\/\/revistazetta.com\/?p=10175","title":{"rendered":"El discurso del alcalde Duque en 32 frases"},"content":{"rendered":"<p><a href=\"https:\/\/www.revistazetta.com\/wp-content\/uploads\/2016\/01\/DSC_4918.jpg\"><img loading=\"lazy\" decoding=\"async\" class=\" size-medium wp-image-10165 alignright\" src=\"https:\/\/www.revistazetta.com\/wp-content\/uploads\/2016\/01\/DSC_4918-300x240.jpg\" alt=\"DSC_4918\" width=\"300\" height=\"240\" srcset=\"https:\/\/revistazetta.com\/wp-content\/uploads\/2016\/01\/DSC_4918-300x240.jpg 300w, https:\/\/revistazetta.com\/wp-content\/uploads\/2016\/01\/DSC_4918.jpg 600w\" sizes=\"auto, (max-width: 300px) 100vw, 300px\" \/><\/a>1.- Dirigir los destinos de la ciudad que me vio nacer es la mayor distinci\u00f3n que he recibido. Ruego al Alt\u00edsimo para que me d\u00e9 sabidur\u00eda; mucha sabidur\u00eda para gobernar con tino, prudencia, equilibrio y justicia, para aportar mi granito de arena en procura del bienestar de los hombres y mujeres que habitan esta sufrida y valiente ciudad.<\/p>\n<p>&nbsp;<\/p>\n<p>2.- \u201c\u00a1Primero la Gente!\u201d fue la respuesta que un grupo de personas se invent\u00f3 para abrir la puerta de la democracia, usualmente custodiada por una \u00e9lite decadente que se apoder\u00f3 de los partidos pol\u00edticos tradicionales.<\/p>\n<p>&nbsp;<\/p>\n<p>3.- En Cartagena, los niveles de desigualdad y exclusi\u00f3n social a la que hemos estado sometidos son intolerables. Creo que hoy, m\u00e1s que en ning\u00fan otro momento de nuestra historia reciente, necesitamos una nueva forma de organizarnos como sociedad, basada en aquellas cosas que nos unen.<\/p>\n<p>&nbsp;<\/p>\n<p>4.- La crisis econ\u00f3mica mundial va a influir negativamente en la economia nacional y local, afectando de manera significativa los ingresos corrientes del Distrito. Tendremos que acudir a fuentes modernas y alternativas de financiaci\u00f3n que nos permitan fortalecer nuestras finanzas p\u00fablicas, para apalancar el desarrolllo local: cooperaci\u00f3n internacional, asociaciones p\u00fablico-privadas, valorizaci\u00f3n, etc.<\/p>\n<p>&nbsp;<\/p>\n<p>5.- Convocar\u00e9 a la bancada de congresistas bolivarenses para que me acompa\u00f1e a gestionar ante el gobierno nacional los recursos necesarios para los grandes proyectos que nuestra ciudad reclama, en la intenci\u00f3n de conducir nuestro territorio hacia el desarrollo.<\/p>\n<p>&nbsp;<\/p>\n<p>6.- En esta cruzada contra la pobreza, hago un llamado respetuoso y cordial al sector privado de Cartagena de Indias para que pase de la responsabilidad social empresarial a la generaci\u00f3n de valor compartido.<\/p>\n<p>&nbsp;<\/p>\n<p>7.- Se\u00f1ores empresarios: es hora de aunar esfuerzos del sector p\u00fablico, privado y social para transformar el presente y construir un futuro esperanzador para la gente. Todos tenemos que hacer sacrificios y proteger a los m\u00e1s necesitados, a los m\u00e1s d\u00e9biles.<\/p>\n<p>&nbsp;<\/p>\n<p>8.- Hoy mas que nunca tenemos que enfrentar y derrotar flagelos como la corrupci\u00f3n y el despilfarro, que desangran las arcas del estado e impiden una adecuada distribuci\u00f3n de los bienes p\u00fablicos. \u00a1La corrupci\u00f3n es el enemigo # 1 del progreso! Me propongo liderar un gobierno aust\u00e9ro, que no patrocinar\u00e1 la corrupci\u00f3n. \u00a1Que tiemblen los corruptos! Voy a defender con mi vida, si es necesario, la plata de la educaci\u00f3n, de la salud, de la cultura, del deporte, de las obras p\u00fablicas.<\/p>\n<p>&nbsp;<\/p>\n<p>9.- Que los corruptos se cosan los bolsillos o se los llenen de piedra. La plata del Estado se utilizar\u00e1 para proveer los bienes p\u00fablicos que la gente requiere.<\/p>\n<p>&nbsp;<\/p>\n<p>10.- Nuestra herencia cultural, nuestro talento para las artes, para el deporte, para la creatividad y la innovaci\u00f3n, se desperdicia al no encontrar el apoyo estatal para desarrollarse.<\/p>\n<p>&nbsp;<\/p>\n<p>11.- Soy un convencido que la principal riqueza de nuestra ciudad est\u00e1 en su gente por lo tanto, quiero gobernar en procura de cerrar las brechas sociales, privilegiando el inter\u00e9s de la ciudadan\u00eda en general por encima del inter\u00e9s particular.<\/p>\n<p>&nbsp;<\/p>\n<p>12.- Son tres los grandes objetivos del gobierno que a partir de hoy comienzo a liderar: superar la desigualdad; adaptar el territorio para la gente; construir ciudadan\u00eda y fortalecer la institucionalidad.<\/p>\n<p>&nbsp;<\/p>\n<p>&nbsp;<\/p>\n<p>13.- Superaremos la desigualdad usando como herramientas principales la educaci\u00f3n, el deporte, el arte y la cultura.<\/p>\n<p>&nbsp;<\/p>\n<p>14.- La educaci\u00f3n ser\u00e1 el veh\u00edculo en el que nos movilizaremos para lograr inclusi\u00f3n social.<\/p>\n<p>&nbsp;<\/p>\n<p>15.- Vamos a rescatar el valor de la familia en la educaci\u00f3n de los cartageneros. Recuperaremos la importancia, la confianza y el reconocimiento de la educaci\u00f3n p\u00fablica en Cartagena, sin desconocer la importancia de la educaci\u00f3n privada.<\/p>\n<p>&nbsp;<\/p>\n<p>16.- Nos preocuparemos por atender a nuestros ni\u00f1os y ni\u00f1as desde el momento de su nacimiento, procur\u00e1ndoles condiciones de vida dignas para su desarrollo, en jardines y centros de atenci\u00f3n a la primera infancia. Dise\u00f1aremos un plan de est\u00edmulos para mantener a nuestros j\u00f3venes y adolescentes en la escuela, arrancandolos de las garras de la violencia, de las drogas, de la prostituci\u00f3n y de la desesperanza. Nuestros j\u00f3venes estar\u00e1n m\u00e1s tiempo en las aulas de clases y menos tiempo en la calle.<\/p>\n<p>&nbsp;<\/p>\n<p>17.- El deporte es otra manera digna de superar las trampas de la pobreza, los ejemplos de j\u00f3venes que han salido de nuestros barrios populares a brillar con luz propia como estrellas en el firmamento, abundan.<\/p>\n<p>&nbsp;<\/p>\n<p>18.- Haremos de Cartagena la ciudad deportiva de Colombia. Cada barrio de nuestra ciudad y sus corregimientos ser\u00e1n dotados con escenarios deportivos dignos, que estimulen e incentiven la practica deportiva.<\/p>\n<p>19.- Haremos uso del arte y la cultura para combatir la pobreza y la desigualdad. Toda Cartagena ser\u00e1 un espacio para poner en escena el resurgimiento de la vida y de la reconciliaci\u00f3n entre los cartageneros.<\/p>\n<p>&nbsp;<\/p>\n<p>20.- Incentivando el deporte, el arte y la cultura podremos tener una Cartagena sin Pandillas, porque nuestros jovenes podr\u00e1n optar por recrearse y competir a trav\u00e9s del arte, del deporte, de la cultura.<\/p>\n<p>&nbsp;<\/p>\n<p>21.- Impulsaremos la econom\u00eda creativa local apoyando la producci\u00f3n de bienes y servicios creativos, para lo cual transformaremos estructuralmente el IPCC, fortaleci\u00e9ndolo presupuestal, t\u00e9cnica y administrativamente.<\/p>\n<p>&nbsp;<\/p>\n<p>22.- Nos declaramos amigos de la paz, amigos del proceso de paz que de manera valiente nuestro se\u00f1or presidente ha liderado.<\/p>\n<p>&nbsp;<\/p>\n<p>23.-Necesitamos construir una ciudad en la que el espacio p\u00fablico sea de alta calidad y en el que la gente tenga unas posibilidades de movilidad sin limitaciones distintas a las de cualquier ciudad organizada del mundo.<\/p>\n<p>&nbsp;<\/p>\n<p>24.- Solo si adaptamos el territorio para la gente, podremos hacer de Cartagena una ciudad para invertir, cuya din\u00e1mica urbana y el h\u00e1bitat, permiten generar un verdadero crecimiento y desarrollo econ\u00f3mico que permee favorablemente a todos los habitantes del territorio.<\/p>\n<p>&nbsp;<\/p>\n<p>25.- Seremos celosos de la contrataci\u00f3n preferencial de mano de obra local en todos los proyectos que se ejecuten en nuestro territorio con recursos p\u00fablicos.<\/p>\n<p>&nbsp;<\/p>\n<p>26.- El nuestro es el gobierno de la puesta en marcha y operaci\u00f3n real de Transcaribe. Me comprometo, a que Transcaribe opere y a que la ciudad se empodere de esta nueva forma de movilizarnos.<\/p>\n<p>&nbsp;<\/p>\n<p>27.- Soy consciente de la gran importancia para la ciudad del plan maestro de drenajes pluviales. Voy a jug\u00e1rmela toda para iniciar la primera etapa de este macro proyecto pues la ciudad lo necesita.<\/p>\n<p>&nbsp;<\/p>\n<p>28.- La ciudad esta en mora de dise\u00f1ar y ejecutar el POT como una verdadera renovaci\u00f3n urbana en sectores tradicionales deteriorados por diversos factores. De igual manera, vamos a proponer el mejoramiento integral de barrios que han surgido sin organizaci\u00f3n ni planificacion alguna.<\/p>\n<p>&nbsp;<\/p>\n<p>29.- Estoy convencido que el bienestar y el desarrollo que proponemos para nuestra ciudad, solo es posible si contamos con buenas pr\u00e1cticas en el gobierno y con una ciudadan\u00eda fuerte, que construya, vigile y defienda la institucionalidad.<\/p>\n<p>&nbsp;<\/p>\n<p>30.- Vamos a construir una ciudadan\u00eda sin miedos, combinando control e inteligencia policial con medios tecnol\u00f3gicos para la seguridad, medidas de prevenci\u00f3n del delito e inversion social.<\/p>\n<p>&nbsp;<\/p>\n<p>31.- Implementaremos el programa Cartagena sin Pandillas con el que convocaremos al di\u00e1logo a j\u00f3venes infractores con representantes del gobierno local, para lograr consensos en torno a lo que ellos esperan del Estado.<\/p>\n<p>&nbsp;<\/p>\n<p>32.- Anuncio que a partir de esta toma de posesi\u00f3n declaramos la guerra sin cuartel a la venta y consumo de drogas. Vamos a atacar las entra\u00f1as del microtr\u00e1fico que tanto da\u00f1o causa a nuestros j\u00f3venes.<\/p>\n<p>&nbsp;<\/p>\n","protected":false},"excerpt":{"rendered":"<p>1.- Dirigir los destinos de la ciudad que me vio nacer es la mayor distinci\u00f3n que he recibido. Ruego al Alt\u00edsimo para que me d\u00e9 sabidur\u00eda; mucha sabidur\u00eda para gobernar con tino, prudencia, equilibrio y justicia, para aportar mi granito de arena en procura del bienestar de los hombres y mujeres que habitan esta sufrida y valiente ciudad. &nbsp; 2.- \u201c\u00a1Primero la Gente!\u201d fue la respuesta que un grupo de personas se invent\u00f3 para abrir la puerta de la democracia, usualmente custodiada por una \u00e9lite decadente que se apoder\u00f3 de&#8230; <\/p>\n","protected":false},"author":3,"featured_media":10172,"comment_status":"open","ping_status":"closed","sticky":false,"template":"","format":"standard","meta":{"footnotes":"","_links_to":"","_links_to_target":""},"categories":[2,32],"tags":[],"class_list":["post-10175","post","type-post","status-publish","format-standard","has-post-thumbnail","hentry","category-actualidad","category-actualidad-distrito"],"_links":{"self":[{"href":"https:\/\/revistazetta.com\/index.php?rest_route=\/wp\/v2\/posts\/10175","targetHints":{"allow":["GET"]}}],"collection":[{"href":"https:\/\/revistazetta.com\/index.php?rest_route=\/wp\/v2\/posts"}],"about":[{"href":"https:\/\/revistazetta.com\/index.php?rest_route=\/wp\/v2\/types\/post"}],"author":[{"embeddable":true,"href":"https:\/\/revistazetta.com\/index.php?rest_route=\/wp\/v2\/users\/3"}],"replies":[{"embeddable":true,"href":"https:\/\/revistazetta.com\/index.php?rest_route=%2Fwp%2Fv2%2Fcomments&post=10175"}],"version-history":[{"count":0,"href":"https:\/\/revistazetta.com\/index.php?rest_route=\/wp\/v2\/posts\/10175\/revisions"}],"wp:featuredmedia":[{"embeddable":true,"href":"https:\/\/revistazetta.com\/index.php?rest_route=\/wp\/v2\/media\/10172"}],"wp:attachment":[{"href":"https:\/\/revistazetta.com\/index.php?rest_route=%2Fwp%2Fv2%2Fmedia&parent=10175"}],"wp:term":[{"taxonomy":"category","embeddable":true,"href":"https:\/\/revistazetta.com\/index.php?rest_route=%2Fwp%2Fv2%2Fcategories&post=10175"},{"taxonomy":"post_tag","embeddable":true,"href":"https:\/\/revistazetta.com\/index.php?rest_route=%2Fwp%2Fv2%2Ftags&post=10175"}],"curies":[{"name":"wp","href":"https:\/\/api.w.org\/{rel}","templated":true}]}}