{"id":10177,"date":"2016-01-02T00:34:43","date_gmt":"2016-01-02T05:34:43","guid":{"rendered":"http:\/\/www.revistazetta.com\/?p=10177"},"modified":"2016-01-02T00:34:43","modified_gmt":"2016-01-02T05:34:43","slug":"orbita-politica-de-john-zamora-2-de-enero","status":"publish","type":"post","link":"https:\/\/revistazetta.com\/?p=10177","title":{"rendered":"\u00d3rbita Pol\u00edtica de John Zamora \u2013 2 de enero"},"content":{"rendered":"<p><strong>Ovacion\u00f3metro<\/strong><\/p>\n<p>El \u201covacion\u00f3metro\u201d del nuevo gabinete distrital lo encabez\u00f3 Edilberto Mendoza G\u00f3ez, nuevo director de Datt. Al ser mencionado su nombre en la lectura del decreto durante la posesi\u00f3n del alcalde Duque, la concurrencia estall\u00f3 en aplausos, evidencia que la ciudad quiere olvidar a Kike Tranc\u00f3n\u2026 La medalla de plata se le llev\u00f3 Hernando Pertuz por su designaci\u00f3n en el Ider\u2026 Y la de bronce fue para William Garc\u00eda Tirado, en Corvivienda.<\/p>\n<p>&nbsp;<\/p>\n<p><strong>Instrucciones de protocolo<\/strong><\/p>\n<p>Tal como sucedi\u00f3 en la campa\u00f1a, muy atento a todo estuvo Jos\u00e9 Juli\u00e1n V\u00e1squez, inclusive en los m\u00ednimos detalles de la posesi\u00f3n de su hermano, como cuando aqu\u00ed se acerc\u00f3 por un lado de la tarima y le dio unas instrucciones a do\u00f1a Yolanda. Le dec\u00eda: \u201cMami, son cosas del protocolo\u201d\u2026<\/p>\n<p>&nbsp;<\/p>\n<p><strong>Sorpresa china en gabinete<\/strong><\/p>\n<p>El gabinete del alcalde Duque todav\u00eda no est\u00e1 conformado en su totalidad, y es muy probable que se tenga que agregar el nombre de la olvidada ex candidata a la Gobernaci\u00f3n, Yolanda Wong, como directora de la Escuela de Gobierno y Liderazgo. De pronto aprende\u2026<\/p>\n<p>&nbsp;<\/p>\n","protected":false},"excerpt":{"rendered":"<p>Ovacion\u00f3metro El \u201covacion\u00f3metro\u201d del nuevo gabinete distrital lo encabez\u00f3 Edilberto Mendoza G\u00f3ez, nuevo director de Datt. Al ser mencionado su nombre en la lectura del decreto durante la posesi\u00f3n del alcalde Duque, la concurrencia estall\u00f3 en aplausos, evidencia que la ciudad quiere olvidar a Kike Tranc\u00f3n\u2026 La medalla de plata se le llev\u00f3 Hernando Pertuz por su designaci\u00f3n en el Ider\u2026 Y la de bronce fue para William Garc\u00eda Tirado, en Corvivienda. &nbsp; Instrucciones de protocolo Tal como sucedi\u00f3 en la campa\u00f1a, muy atento a todo estuvo Jos\u00e9 Juli\u00e1n V\u00e1squez,&#8230; <\/p>\n","protected":false},"author":3,"featured_media":10179,"comment_status":"open","ping_status":"closed","sticky":false,"template":"","format":"standard","meta":{"footnotes":"","_links_to":"","_links_to_target":""},"categories":[47,45],"tags":[],"class_list":["post-10177","post","type-post","status-publish","format-standard","has-post-thumbnail","hentry","category-john-zamora","category-orbita"],"_links":{"self":[{"href":"https:\/\/revistazetta.com\/index.php?rest_route=\/wp\/v2\/posts\/10177","targetHints":{"allow":["GET"]}}],"collection":[{"href":"https:\/\/revistazetta.com\/index.php?rest_route=\/wp\/v2\/posts"}],"about":[{"href":"https:\/\/revistazetta.com\/index.php?rest_route=\/wp\/v2\/types\/post"}],"author":[{"embeddable":true,"href":"https:\/\/revistazetta.com\/index.php?rest_route=\/wp\/v2\/users\/3"}],"replies":[{"embeddable":true,"href":"https:\/\/revistazetta.com\/index.php?rest_route=%2Fwp%2Fv2%2Fcomments&post=10177"}],"version-history":[{"count":0,"href":"https:\/\/revistazetta.com\/index.php?rest_route=\/wp\/v2\/posts\/10177\/revisions"}],"wp:featuredmedia":[{"embeddable":true,"href":"https:\/\/revistazetta.com\/index.php?rest_route=\/wp\/v2\/media\/10179"}],"wp:attachment":[{"href":"https:\/\/revistazetta.com\/index.php?rest_route=%2Fwp%2Fv2%2Fmedia&parent=10177"}],"wp:term":[{"taxonomy":"category","embeddable":true,"href":"https:\/\/revistazetta.com\/index.php?rest_route=%2Fwp%2Fv2%2Fcategories&post=10177"},{"taxonomy":"post_tag","embeddable":true,"href":"https:\/\/revistazetta.com\/index.php?rest_route=%2Fwp%2Fv2%2Ftags&post=10177"}],"curies":[{"name":"wp","href":"https:\/\/api.w.org\/{rel}","templated":true}]}}