{"id":10181,"date":"2016-01-02T12:39:12","date_gmt":"2016-01-02T17:39:12","guid":{"rendered":"http:\/\/www.revistazetta.com\/?p=10181"},"modified":"2016-01-02T17:41:55","modified_gmt":"2016-01-02T22:41:55","slug":"todavia-quedan-caballeros","status":"publish","type":"post","link":"https:\/\/revistazetta.com\/?p=10181","title":{"rendered":"\u00a1Todav\u00eda quedan caballeros!"},"content":{"rendered":"<p>El abarrotado sal\u00f3n de sesiones del Concejo de Cartagena registr\u00f3 este s\u00e1bado un episodio donde sali\u00f3 a relucir la caballerosidad de un asistente, que solo el lente acucioso de Revista Zetta pudo captar.<\/p>\n<p>La representante Marta Curi Osorio acudi\u00f3 al recinto para apreciar la llegada a la Presidencia de la Corporaci\u00f3n de su hermano Javier Curi Osorio, pero debi\u00f3 aguardar a un costado, de pie, mientras la ceremonia avanzaba.<\/p>\n<p>En la parte central, donde se ubican sillas para los invitados, estaba Lorenzo Hodeg, el padre de la nueva concejal Ang\u00e9lica Mar\u00eda Hodeg, quien estaba atento a la posesi\u00f3n de ella como segunda vicepresidente. Al percatarse que la representante Curi estaba en semejante incomodidad, la llam\u00f3 para que tomara su puesto, y se retir\u00f3 a un lado, para recostarse contra la pared. No le import\u00f3 la lesi\u00f3n que arrastra en su rodilla derecha.<\/p>\n<p>La se\u00f1ora Curi Osorio agradeci\u00f3 la caballerosidad de Hodeg, y desde la silla que este le ofreci\u00f3 all\u00ed pudo apreciar el ascenso de su hermano a la m\u00e1s alta dignidad del Concejo.<\/p>\n<p>La situaci\u00f3n no fue percibida por el \u00e1rea de Protocolo del Concejo, como tampoco por algunos de los nuevos secretarios de Despacho, que pese a estar e menos de tres metros de la representante Curi, no atisbaron el detalle. Seguramente el deseo de atornillarse a sus cargos fue m\u00e1s fuerte que la caballerosidad que perdieron.<\/p>\n","protected":false},"excerpt":{"rendered":"<p>El abarrotado sal\u00f3n de sesiones del Concejo de Cartagena registr\u00f3 este s\u00e1bado un episodio donde sali\u00f3 a relucir la caballerosidad de un asistente, que solo el lente acucioso de Revista Zetta pudo captar. La representante Marta Curi Osorio acudi\u00f3 al recinto para apreciar la llegada a la Presidencia de la Corporaci\u00f3n de su hermano Javier Curi Osorio, pero debi\u00f3 aguardar a un costado, de pie, mientras la ceremonia avanzaba. En la parte central, donde se ubican sillas para los invitados, estaba Lorenzo Hodeg, el padre de la nueva concejal Ang\u00e9lica&#8230; <\/p>\n","protected":false},"author":3,"featured_media":10189,"comment_status":"open","ping_status":"closed","sticky":false,"template":"","format":"standard","meta":{"footnotes":"","_links_to":"","_links_to_target":""},"categories":[26,4],"tags":[],"class_list":["post-10181","post","type-post","status-publish","format-standard","has-post-thumbnail","hentry","category-politica-noticias","category-politica"],"_links":{"self":[{"href":"https:\/\/revistazetta.com\/index.php?rest_route=\/wp\/v2\/posts\/10181","targetHints":{"allow":["GET"]}}],"collection":[{"href":"https:\/\/revistazetta.com\/index.php?rest_route=\/wp\/v2\/posts"}],"about":[{"href":"https:\/\/revistazetta.com\/index.php?rest_route=\/wp\/v2\/types\/post"}],"author":[{"embeddable":true,"href":"https:\/\/revistazetta.com\/index.php?rest_route=\/wp\/v2\/users\/3"}],"replies":[{"embeddable":true,"href":"https:\/\/revistazetta.com\/index.php?rest_route=%2Fwp%2Fv2%2Fcomments&post=10181"}],"version-history":[{"count":0,"href":"https:\/\/revistazetta.com\/index.php?rest_route=\/wp\/v2\/posts\/10181\/revisions"}],"wp:featuredmedia":[{"embeddable":true,"href":"https:\/\/revistazetta.com\/index.php?rest_route=\/wp\/v2\/media\/10189"}],"wp:attachment":[{"href":"https:\/\/revistazetta.com\/index.php?rest_route=%2Fwp%2Fv2%2Fmedia&parent=10181"}],"wp:term":[{"taxonomy":"category","embeddable":true,"href":"https:\/\/revistazetta.com\/index.php?rest_route=%2Fwp%2Fv2%2Fcategories&post=10181"},{"taxonomy":"post_tag","embeddable":true,"href":"https:\/\/revistazetta.com\/index.php?rest_route=%2Fwp%2Fv2%2Ftags&post=10181"}],"curies":[{"name":"wp","href":"https:\/\/api.w.org\/{rel}","templated":true}]}}