{"id":10183,"date":"2016-01-02T13:57:25","date_gmt":"2016-01-02T18:57:25","guid":{"rendered":"http:\/\/www.revistazetta.com\/?p=10183"},"modified":"2016-01-02T17:40:16","modified_gmt":"2016-01-02T22:40:16","slug":"armonia-y-respeto-plantea-alcalde-duque-a-concejo","status":"publish","type":"post","link":"https:\/\/revistazetta.com\/?p=10183","title":{"rendered":"Armon\u00eda y respeto plantea alcalde Duque a Concejo"},"content":{"rendered":"<p>El alcalde de Cartagena, Manuel Vicente Duque, plante\u00f3 al Concejo unas relaciones basadas en el respeto y la armon\u00eda, para sacar adelante en plan de desarrollo Primero la Gente, el POT, y todo el paquete de iniciativas sociales para la ciudad.<\/p>\n<p>En un discurso donde resumi\u00f3 su plan de gobierno, Duque V\u00e1squez dijo que el Concejo es la m\u00e1xima representaci\u00f3n de nuestra democracia local, y que deber\u00e1n trabajar de la mano para darle curso a dichos instrumentos de progreso.<\/p>\n<p>Duque reiter\u00f3 que todos se deben a la gente que deposit\u00f3 su confianza en ellos, lo que eleva la responsabilidad.<\/p>\n","protected":false},"excerpt":{"rendered":"<p>El alcalde de Cartagena, Manuel Vicente Duque, plante\u00f3 al Concejo unas relaciones basadas en el respeto y la armon\u00eda, para sacar adelante en plan de desarrollo Primero la Gente, el POT, y todo el paquete de iniciativas sociales para la ciudad. En un discurso donde resumi\u00f3 su plan de gobierno, Duque V\u00e1squez dijo que el Concejo es la m\u00e1xima representaci\u00f3n de nuestra democracia local, y que deber\u00e1n trabajar de la mano para darle curso a dichos instrumentos de progreso. Duque reiter\u00f3 que todos se deben a la gente que deposit\u00f3&#8230; <\/p>\n","protected":false},"author":3,"featured_media":10145,"comment_status":"open","ping_status":"closed","sticky":false,"template":"","format":"standard","meta":{"footnotes":"","_links_to":"","_links_to_target":""},"categories":[26,4],"tags":[],"class_list":["post-10183","post","type-post","status-publish","format-standard","has-post-thumbnail","hentry","category-politica-noticias","category-politica"],"_links":{"self":[{"href":"https:\/\/revistazetta.com\/index.php?rest_route=\/wp\/v2\/posts\/10183","targetHints":{"allow":["GET"]}}],"collection":[{"href":"https:\/\/revistazetta.com\/index.php?rest_route=\/wp\/v2\/posts"}],"about":[{"href":"https:\/\/revistazetta.com\/index.php?rest_route=\/wp\/v2\/types\/post"}],"author":[{"embeddable":true,"href":"https:\/\/revistazetta.com\/index.php?rest_route=\/wp\/v2\/users\/3"}],"replies":[{"embeddable":true,"href":"https:\/\/revistazetta.com\/index.php?rest_route=%2Fwp%2Fv2%2Fcomments&post=10183"}],"version-history":[{"count":0,"href":"https:\/\/revistazetta.com\/index.php?rest_route=\/wp\/v2\/posts\/10183\/revisions"}],"wp:featuredmedia":[{"embeddable":true,"href":"https:\/\/revistazetta.com\/index.php?rest_route=\/wp\/v2\/media\/10145"}],"wp:attachment":[{"href":"https:\/\/revistazetta.com\/index.php?rest_route=%2Fwp%2Fv2%2Fmedia&parent=10183"}],"wp:term":[{"taxonomy":"category","embeddable":true,"href":"https:\/\/revistazetta.com\/index.php?rest_route=%2Fwp%2Fv2%2Fcategories&post=10183"},{"taxonomy":"post_tag","embeddable":true,"href":"https:\/\/revistazetta.com\/index.php?rest_route=%2Fwp%2Fv2%2Ftags&post=10183"}],"curies":[{"name":"wp","href":"https:\/\/api.w.org\/{rel}","templated":true}]}}