{"id":10184,"date":"2016-01-02T14:02:14","date_gmt":"2016-01-02T19:02:14","guid":{"rendered":"http:\/\/www.revistazetta.com\/?p=10184"},"modified":"2016-01-02T17:35:10","modified_gmt":"2016-01-02T22:35:10","slug":"javier-curi-asumio-presidencia-del-concejo","status":"publish","type":"post","link":"https:\/\/revistazetta.com\/?p=10184","title":{"rendered":"Javier Curi asumi\u00f3 presidencia del Concejo"},"content":{"rendered":"<p>El economista liberal Javier Curi Osorio asumi\u00f3 la presidencia del Concejo, en tanto que Am\u00e9rico Mendoza del partido ASI y Ang\u00e9lica Hodeg de Alianza Verde le acompa\u00f1an en la Mesa Directiva elegida esta s\u00e1bado para el periodo de este a\u00f1o 2016.<\/p>\n<p>La elecci\u00f3n de Am\u00e9rico Mendoza fue sorpresiva, pues los acuerdos iniciales apuntaban a Jorge aseche en representaci\u00f3n del partido Conservador.<\/p>\n<p>La sesi\u00f3n de apertura fue presidida inicialmente por Zaith Adechine, por ser el primero en la lista en orden alfab\u00e9tico. El concejal C\u00e9sar Pi\u00f3n, del partido de la U, ofici\u00f3 como Secretario Ad-Hoc.<\/p>\n","protected":false},"excerpt":{"rendered":"<p>El economista liberal Javier Curi Osorio asumi\u00f3 la presidencia del Concejo, en tanto que Am\u00e9rico Mendoza del partido ASI y Ang\u00e9lica Hodeg de Alianza Verde le acompa\u00f1an en la Mesa Directiva elegida esta s\u00e1bado para el periodo de este a\u00f1o 2016. La elecci\u00f3n de Am\u00e9rico Mendoza fue sorpresiva, pues los acuerdos iniciales apuntaban a Jorge aseche en representaci\u00f3n del partido Conservador. La sesi\u00f3n de apertura fue presidida inicialmente por Zaith Adechine, por ser el primero en la lista en orden alfab\u00e9tico. El concejal C\u00e9sar Pi\u00f3n, del partido de la U,&#8230; <\/p>\n","protected":false},"author":3,"featured_media":10107,"comment_status":"open","ping_status":"closed","sticky":false,"template":"","format":"standard","meta":{"footnotes":"","_links_to":"","_links_to_target":""},"categories":[27,4],"tags":[],"class_list":["post-10184","post","type-post","status-publish","format-standard","has-post-thumbnail","hentry","category-politicaconcejo","category-politica"],"_links":{"self":[{"href":"https:\/\/revistazetta.com\/index.php?rest_route=\/wp\/v2\/posts\/10184","targetHints":{"allow":["GET"]}}],"collection":[{"href":"https:\/\/revistazetta.com\/index.php?rest_route=\/wp\/v2\/posts"}],"about":[{"href":"https:\/\/revistazetta.com\/index.php?rest_route=\/wp\/v2\/types\/post"}],"author":[{"embeddable":true,"href":"https:\/\/revistazetta.com\/index.php?rest_route=\/wp\/v2\/users\/3"}],"replies":[{"embeddable":true,"href":"https:\/\/revistazetta.com\/index.php?rest_route=%2Fwp%2Fv2%2Fcomments&post=10184"}],"version-history":[{"count":0,"href":"https:\/\/revistazetta.com\/index.php?rest_route=\/wp\/v2\/posts\/10184\/revisions"}],"wp:featuredmedia":[{"embeddable":true,"href":"https:\/\/revistazetta.com\/index.php?rest_route=\/wp\/v2\/media\/10107"}],"wp:attachment":[{"href":"https:\/\/revistazetta.com\/index.php?rest_route=%2Fwp%2Fv2%2Fmedia&parent=10184"}],"wp:term":[{"taxonomy":"category","embeddable":true,"href":"https:\/\/revistazetta.com\/index.php?rest_route=%2Fwp%2Fv2%2Fcategories&post=10184"},{"taxonomy":"post_tag","embeddable":true,"href":"https:\/\/revistazetta.com\/index.php?rest_route=%2Fwp%2Fv2%2Ftags&post=10184"}],"curies":[{"name":"wp","href":"https:\/\/api.w.org\/{rel}","templated":true}]}}