{"id":10190,"date":"2016-01-04T11:33:22","date_gmt":"2016-01-04T16:33:22","guid":{"rendered":"http:\/\/www.revistazetta.com\/?p=10190"},"modified":"2016-01-05T07:18:27","modified_gmt":"2016-01-05T12:18:27","slug":"discurso-de-posesion-de-dumek-turbay-como-gobernador-de-bolivar","status":"publish","type":"post","link":"https:\/\/revistazetta.com\/?p=10190","title":{"rendered":"Discurso de posesi\u00f3n de Dumek Turbay como Gobernador de Bol\u00edvar"},"content":{"rendered":"<p><a name=\"_Toc420566564\"><\/a><a name=\"_Toc421786665\"><\/a><strong>PALABRAS DE DUMEK TURBAY PAZ<\/strong><\/p>\n<p><strong>POSESI\u00d3N COMO GOBERNADOR DEL DEPARTAMENTO DE BOLIVAR<\/strong><\/p>\n<p>&nbsp;<\/p>\n<p><a href=\"https:\/\/www.revistazetta.com\/wp-content\/uploads\/2016\/01\/Discurrrso.jpg\"><img loading=\"lazy\" decoding=\"async\" class=\" size-medium wp-image-10197 alignright\" src=\"https:\/\/www.revistazetta.com\/wp-content\/uploads\/2016\/01\/Discurrrso-300x188.jpg\" alt=\"Discurrrso\" width=\"300\" height=\"188\" srcset=\"https:\/\/revistazetta.com\/wp-content\/uploads\/2016\/01\/Discurrrso-300x188.jpg 300w, https:\/\/revistazetta.com\/wp-content\/uploads\/2016\/01\/Discurrrso.jpg 576w\" sizes=\"auto, (max-width: 300px) 100vw, 300px\" \/><\/a>Hoy se inicia una nueva etapa en la vida institucional de nuestro Departamento. Una etapa que los bolivarenses asumimos con optimismo y sentido de porvenir. Una etapa en la que asumiremos con el mismo \u00edmpetu el impulso de cambio ganador que tiene Bol\u00edvar desde hace cuatro a\u00f1os.<\/p>\n<p>Una etapa en donde habr\u00e1 nuevos \u00e9nfasis, nuevas miradas, nuevos protagonistas. Pero, eso s\u00ed, manteniendo el rumbo que se ha ganado el apoyo mayoritario de los habitantes del Departamento.<\/p>\n<p>Vamos a construir sobre lo construido. Es un principio de moral y \u00e9tica administrativa que practico. No venimos a cambiar paradigmas exitosos porque prometimos que el cambio iba a seguir y vamos a hacer que siga.<\/p>\n<p>Es mucho lo que hemos avanzado pero son muchos tambi\u00e9n los desaf\u00edos que debemos asumir y enfrentar con imaginaci\u00f3n y trabajo.<\/p>\n<p>Hoy soy el Gobernador de todos los Bolivarenses y gobernar\u00e9 pensando en todos y cada uno de los habitantes de este Departamento sin distingos ni excepciones. \u00a1Todos somos hijos de Bol\u00edvar! Herederos de los mayores que labraron con tanto esmero esta bella tierra.<\/p>\n<p>Por eso hago un llamado cordial a todas las fuerzas pol\u00edticas y a los m\u00e1s diversos sectores ciudadanos a que trabajemos unidos por el desarrollo y progreso de nuestro departamento.<\/p>\n<p>Ser\u00e9 gobernador para todo el territorio del Departamento, no importa que tan cerca o lejos est\u00e9 de la sede de gobierno, desde Santa Catalina hasta Canta Gallo, pasando por nuestra capital, por la zona que irriga el Canal del Dique, los Montes de Mar\u00eda, la Depresi\u00f3n Momposina, Loba, la Mojana y el Magdalena Medio.<\/p>\n<p>Vamos a trabajar sin descanso para seamos referentes de buen gobierno, de progreso, de inversi\u00f3n social, de seguridad, de sostenibilidad, de paz y de buenas y nuevas oportunidades.<\/p>\n<p>Vamos a poner el centro de la pol\u00edtica en la gente, especialmente, en la gente que m\u00e1s lo necesita. En esa gente que quiere que su vida cambie. Vamos a ser instrumento de cambio. Vamos a ser instrumento de progreso. Vamos a ser instrumento de bienestar.<\/p>\n<p>La pol\u00edtica es un instrumento para mejorar las cosas y eso es precisamente lo que vamos a hacer: mejorar las cosas. Siempre de la mano con las comunidades. Para m\u00ed la participaci\u00f3n ciudadana es sin\u00f3nimo de democracia y garant\u00eda para la buena marcha del gobierno. Por eso mi gobierno ser\u00e1 el gobierno de la gente, por la gente y para la gente.<\/p>\n<p>Quiero escucharlos, discutir con ustedes nuestras propuestas, convencerlos o dejarme convencer y solucionar juntos los enormes desaf\u00edos que tiene nuestro Departamento. El servicio p\u00fablico me ha ense\u00f1ado que cuando uno se aleja de la gente se aleja de las soluciones para solucionar los problemas de esa gente. Esa es la raz\u00f3n por la cual me ver\u00e1n frecuentemente visitando sus comunidades, hablando con ustedes, conociendo los problemas y concertando las soluciones.<\/p>\n<p>Bol\u00edvar es un Departamento lleno de juventud, de creatividad, de recursos naturales, de mujeres luchadoras, de abuelos llenos de experiencias, de cultura y de \u00edmpetu.<\/p>\n<p>Necesitamos alinear nuestras fortalezas en beneficio de todos y cada uno de nosotros. En ese sentido hemos dise\u00f1ado un programa de gobierno que conducir\u00e1 nuestro Departamento dentro del esp\u00edritu de cambio de los \u00faltimos tiempos. Un esp\u00edritu que nos ayude a vivir en un lugar m\u00e1s equitativo, m\u00e1s seguro, m\u00e1s sostenible, m\u00e1s solidario, m\u00e1s participativo, m\u00e1s incluyente y m\u00e1s productivo.<\/p>\n<p>Desde la Gobernaci\u00f3n vamos a trabajar para que la educaci\u00f3n sea un instrumento de formaci\u00f3n, que se traduzca en mejores personas, en mejores ciudadanos, en mejores profesionales y en mejores familias. Vamos a hacer que las aulas escolares sean el punto de partida de much\u00edsimas historias exitosas de vida.<\/p>\n<p>Adelantando proyectos de generaci\u00f3n de conocimiento, ciencia e innovaci\u00f3n para generar capacidades en el territorio y hacer finalmente ciudades sostenibles a partir del conocimiento y la investigaci\u00f3n.<\/p>\n<p>Quiero ni\u00f1os en contacto con la tecnolog\u00eda, con el deporte, con los valores, con el biling\u00fcismo, con las ciencias y con las humanidades. En ese sentido vamos a trabajar por tener colegios a la altura del futuro de nuestros ni\u00f1os y nuestros j\u00f3venes.<\/p>\n<p>Ellos selo merecen, y se lo vamos a dar. Por eso no en vano es que quiero que el municipio de Bol\u00edvar tenga acceso de calidad y con amplia cobertura a la tecnolog\u00eda de la informaci\u00f3n y las comunicaciones.<\/p>\n<p>Por lo que me esmerar\u00e9 en mejorar la calidad educativa y su pertinencia. Formando y estimulando a sus docentes. Adecuando y ampliando la infraestructura educativa, pensando siempre en dar pasos decididos a la implementaci\u00f3n de la jornada \u00fanica en algunas instituciones educativas de nuestro departamento.<\/p>\n<p>No tengo duda que la estrategia de la estrategia para desactivar las trampas de la pobreza y generar mayor movilidad social es y ser\u00e1 siempre la educaci\u00f3n.<\/p>\n<p>Vamos a trabajar para que la salud no sea un privilegio ni un golpe de suerte sino un derecho real y concreto que se materializa en m\u00e9dicos preparados, en consultorios dotados y pulcros y en medicinas oportunas y gratuitas.<\/p>\n<p>Queremos que a la incertidumbre de la enfermedad no se le sume la incertidumbre de la atenci\u00f3n m\u00e9dica. Como ocurri\u00f3 con las ni\u00f1as de este pueblo antes sus padecimientos por la aplicaci\u00f3n de la vacuna para la prevenci\u00f3n del virus del Papiloma humano (VPH).<\/p>\n<p>Queremos que el servicio de salud sea una certeza para todos y cada uno de los bolivarenses. Quiero un servicio de salud robusto y humanizado, que sobreponga los derechos del paciente a las utilidades del negocio.<\/p>\n<p>Vamos a trabajar para convertir a Bol\u00edvar en un lugar atractivo al emprendimiento, a la inversi\u00f3n, a la agricultura productiva y a los negocios. Los empresarios van a tener en esta administraci\u00f3n a un aliado que les ayudara a generar empleo, a producir riqueza, y a aumentar, por ende, los ingresos del departamento. Ingresos que nos ayudaran a hacer m\u00e1s inversi\u00f3n social.<\/p>\n<p>Soy un convencido que el Deporte forma y ayuda a incentivar valores, como la sana competencia, la disciplina y el respeto por las reglas, que favorecen la formaci\u00f3n de hombres y ciudadanos de bien. Vamos a promover la universalizaci\u00f3n del deporte departamental como medio para potenciar la armon\u00eda y la convivencia pac\u00edfica, como estrategia indiscutible de desarrollo humano.<\/p>\n<p>Constituiremos una de las m\u00e1s grandes reservas deportivas del pa\u00eds, fortaleciendo las metodolog\u00edas de entrenamiento, contaremos con entrenadores altamente capacitados. Seremos uno de los Departamento con m\u00e1s alto logros deportivos.<\/p>\n<p>Si pude llevar el deporte de Bol\u00edvar, como gerente de IDERBOL, a la excelencia, claro que podr\u00e9, con la colaboraci\u00f3n de ustedes, llevar al departamento a un alto grado de desarrollo econ\u00f3mico y social. \u00a1Ese es el reto!<\/p>\n<p>En materia de Desarrollo Rural vamos a liderar acciones que mejoren en todos los sentidos los indicadores del agro. Es cierto que Bol\u00edvar se encuentra en un nivel aceptable en materia de desarrollo humano de acuerdo a los indicadores del PNUD, los que nos coloca en una posici\u00f3n de privilegio en relaci\u00f3n con otros Departamentos del Caribe, pero cuando analizamos el factor de la violencia y de la concentraci\u00f3n de la tierra esos indicadores se resienten.<\/p>\n<p>Basta con observar lo que viene ocurriendo en toda esta regi\u00f3n de Montes de Mar\u00eda, en esta tierra que ahora piso, una de las m\u00e1s golpeadas por los embates de la violencia, con el fen\u00f3meno permanente de concentraci\u00f3n de la tierra. El que amenaza en forma dram\u00e1tica en trasformar la estructura agraria de la regi\u00f3n en perjuicio del campesino, generando nuevos conflictos por la tenencia y uso de la tierra.<\/p>\n<p>El Carmen de Bol\u00edvar y San Jacinto fueron especialmente epicentro de uno de los episodios de desplazamiento m\u00e1s crueles de Colombia. Tiempos, como ya anotaba, en que sufrimos las m\u00e1s terribles vejaciones: amenaza, persecuci\u00f3n y muerte.<\/p>\n<p>&nbsp;<\/p>\n<p>Pero ahora vemos que contrasta ese vertiginoso proceso de concentraci\u00f3n de la tierra con el proceso lento de restituci\u00f3n. Sobre todo si tenemos en cuenta que son estos los municipios del pa\u00eds que m\u00e1s solicitudes de restituci\u00f3n han demandado ante los jueces de tierra.<\/p>\n<p>La otra cara del flagelo del desplazamiento es el retorno. Necesario en una regi\u00f3n que en los \u00faltimos a\u00f1os comienza a experimentar una paz relativa. Sin embargo, el proceso ha resultado dif\u00edcil y complejo. Digno, si, reconocer la laboriosa gesti\u00f3n de las distintas Agencias del gobierno para hacer exitosa el retorno de la poblaci\u00f3n desplazada del Salado y de Las Palmas, corregimientos del Carmen de Bol\u00edvar y San Jacinto respectivamente.<\/p>\n<p>Trabajar en uni\u00f3n con el gobierno nacional para atender de manera eficiente y oportuna a las v\u00edctimas de la guerra es un compromiso. Ser\u00e9 uno de sus nuevos y m\u00e1s eficaces aliados.<\/p>\n<p>Mis deseos, con el concurso del gobierno nacional, es impulsar el desarrollo rural. Porque entiendo que sin atenci\u00f3n al campo nunca podremos alcanzar la paz con justicia social que es la que necesitamos y anhelamos.<\/p>\n<p>Por eso deseamos, fortalecer la actividad agropecuaria e impulsar la econom\u00eda campesina para que el desarrollo econ\u00f3mico y la prosperidad lleguen al campo bolivarense. La paz solo ser\u00e1 posible desde un enfoque territorial \u2013 rural. Trabajando desde las regiones y para las regiones.<\/p>\n<p>La parcela del campesino ser\u00e1 la agro &#8211; empresa a partir de la cual fortaleceremos todo un proceso de desarrollo sostenible e inclusivo de la cadena alimentaria, desde la producci\u00f3n hasta su comercializaci\u00f3n, en t\u00e9rminos justos, entre empresarios y campesinos.<\/p>\n<p>En materia de seguridad vamos a ser los aliados de los alcaldes para ayudarles a combatir la delincuencia y devolverles a los ciudadanos el derecho a recorrer sus municipios sin miedo ni incertidumbre. En mi gobierno los que van a tener miedo ser\u00e1n los delincuentes y no los ciudadanos de bien.<\/p>\n<p>No puede volver a repetirse en nadie lo que me toc\u00f3 vivir, cuando, en mis a\u00f1os nuevos, siendo concejal de este pueblo, me toc\u00f3 abandonar mis obligaciones, con un profundo dolor en el alma, por las amenazas de muerte de quienes en ese tiempo se autoproclamaron due\u00f1os de la vida de las personas.<\/p>\n<p>Vamos a buscar mecanismos de apoyo que faciliten el acceso a instrumentos tecnol\u00f3gicos de seguridad y vamos a trabajar con la polic\u00eda para una pol\u00edtica integral de seguridad de cara a los desaf\u00edos que se avecinan durante el postconflicto.<\/p>\n<p>La obsesi\u00f3n en mi gobierno es y seguir\u00e1 siendo el agua. Es una manera l\u00f3gica de regresar a una de las esencias primarias de la vida. Bol\u00edvar tiene que revertir la inexplicable paradoja de seguir padeciendo por falta de agua potable, siendo un Departamento rico en recursos h\u00eddricos.<\/p>\n<p>Por ello seguir\u00e9 ampliando la cobertura en acueducto y saneamiento b\u00e1sico a lo largo y ancho del departamento. Pero sobre todo a trabajar de la mano de los alcaldes para garantizar continuidad en la prestaci\u00f3n del servicio, mejorar la calidad del agua e implementar programas para su buen uso.<\/p>\n<p>Vamos a trabajar para seguir avanzando en la mitigaci\u00f3n del cambio clim\u00e1tico, la preservaci\u00f3n del ambiente y recursos naturales. Hay que invertir no solo en infraestructura gris como la construcci\u00f3n, sino tambi\u00e9n en infraestructura verde como el medio ambiente. Vamos a incentivar iniciativas dirigidas a producci\u00f3n de energ\u00eda limpia que aproveche nuestras posibilidades de generaci\u00f3n en beneficio de la poblaci\u00f3n y del planeta.<\/p>\n<p>Vamos a impulsar con el sector privado y el Distrito de Cartagena, toda una red de infraestructuras cuya punta de lanza sea una central de abastecimiento alimentario mayorista que se conecte con mercados municipales en centro de acopio y de capacitaci\u00f3n, innovaci\u00f3n y tecnolog\u00eda agroalimentaria.<\/p>\n<p>Vamos a trabajar en la modernizaci\u00f3n de los municipios. Necesitamos municipios con un \u00f3ptimo desarrollo institucional, con miras a mejorar su capacidad de dar respuesta a las demandas sociales.<\/p>\n<p>El municipio bolivarense al final de mi gobierno deben ser entidades territoriales eficaces y eficientes: entrenadas en el manejo de los recursos fiscales, planeada y con una capacidad institucional capaz de garantizar una gesti\u00f3n administrativa a la altura de los retos de la modernidad.<\/p>\n<p>El municipio ser\u00e1 un centro de poder importante con capacidad y autonom\u00eda por ser la instancia primaria en la resoluci\u00f3n de los problemas de sus comunidades. Le apuesto a un modelo de gobierno descentralizado y desconcentrado que fortalezca los gobiernos locales, lo que implica asistencia t\u00e9cnica permanente.<\/p>\n<p>Los alcaldes tendr\u00e1n a su servicio en el nuevo Centro Administrativo de la gobernaci\u00f3n un moderno Centro de informaci\u00f3n para fortalecimiento de su gobernabilidad.<\/p>\n<p>Tarea que se ver\u00e1 plasmada, inicialmente, en el proceso de armonizaci\u00f3n y articulaci\u00f3n del plan de desarrollo del departamento con el de sus 45 municipios y el Distrito de Cartagena. La planeaci\u00f3n la entiendo como un presupuesto esencial del orden y como un principio insalvable para el desarrollo.<\/p>\n<p>Este proceso de fortalecimiento de los municipios implicar\u00e1, naturalmente, una agenda especial para el Distrito de Cartagena, pues los fen\u00f3menos de conurbaci\u00f3n que se han venido consolidando con el paso del tiempo as\u00ed lo demandan. Cartagena constituye un \u00e1rea metropolitana natural con los municipios que le son vecinos, pues encierran muchos intereses comunes para su desarrollo.<\/p>\n<p>La ciudad de Cartagena, lo informo, har\u00e1 parte de nuestra agenda de gobierno y de nuestro plan de inversiones. Cartagena es Bol\u00edvar y Bol\u00edvar es Cartagena. Porque el desarrollo del Departamento est\u00e1 ligado inevitablemente al desarrollo de su capital.<\/p>\n<p>&nbsp;<\/p>\n<p>Amigos y Amigas<\/p>\n<p>Bolivarenses,<\/p>\n<p>Es para mi motivo de orgullo y de responsabilidad ser a partir de hoy el que lidere los rumbos del departamento de Bol\u00edvar. Y lo es porque conozco y he vivido el enorme potencial que tiene nuestra regi\u00f3n y la nobleza e imaginaci\u00f3n que tiene nuestra gente. He sido testigo muchas veces de lo que somos capaces y s\u00e9 que cuando alguien logra inspirarnos y movilizarnos somos capaces de lograr grandes cosas.<\/p>\n<p>Voy a poner lo mejor de m\u00ed para seguir encauzando nuestro Departamento por los caminos del progreso, del bienestar y de la paz.<\/p>\n<p>El pa\u00eds vive un momento que exige de nosotros generosidad y esp\u00edritu de reconciliaci\u00f3n. El pr\u00f3ximo a\u00f1o es un a\u00f1o definitivo en ese proceso en el que se encuentra el pa\u00eds. Les quiero decir que Bol\u00edvar va a ser protagonista de la paz y del postconflicto.<\/p>\n<p>Nosotros vivimos la violencia en carne propia y nuestro Departamento, y esta tierra, est\u00e1 llena de testimonios y vidas marcadas por la guerra. La paz tendr\u00e1 en nosotros a unos aliados generosos que est\u00e1n convencidos que el destino de esta patria no es la guerra sino la reconciliaci\u00f3n y el perd\u00f3n.<\/p>\n<p>Mandela dec\u00eda: \u201cSi quieres hacer la paz con t\u00fa enemigo tienes que trabajar con \u00e9l: entonces se convierte en t\u00fa compa\u00f1ero\u201d. Mi gobierno, y lo digo en voz alta, ser\u00e1 el gobierno de la paz.<\/p>\n<p>Por eso el principal eje estrat\u00e9gico de mi programa de gobierno es la paz, la educaci\u00f3n y la lucha contra la pobreza. Convencido que tenemos que hacer de estos tres compromisos el circulo virtuoso que contribuya a cerrar las brechas sociales, para garantizar un proceso de reconciliaci\u00f3n y convivencia estable y duradero.<\/p>\n<p>Estamos jugados, y que lo sepan todos, en la gran empresa de la paz y del posconflicto. Por lo que dispondremos de una oficina especial, bajo la direcci\u00f3n de un alto consejero, trabajando en estas materias.<\/p>\n<p>Acceder a los recursos disponibles del Fondo Colombia en paz, a cargo del Ministro consejero Rafael Pardo, para nosotros es vital. Queremos desarrollo rural, viviendas, v\u00edas terciarias, acueductos y tantas otras obras y servicios necesarios para hacer del posconflicto una oportunidad para el desarrollo de nuestras ciudades y pueblos.<\/p>\n<p>Y aprovecho para solicitarle de manera respetuosa al ministro Pardo el prop\u00f3sito justo y necesario, por el calvario vivido y por ser Los Montes de Mar\u00eda territorios de gran valor ambiental y estrat\u00e9gico, con un alto potencial para su desarrollo, el de convertirla como modelo piloto del posconflicto y construcci\u00f3n de paz, para superar la desigualdad, la exclusi\u00f3n y los altos \u00edndices de pobreza de la regi\u00f3n.<\/p>\n<p>Igualmente, le solicitamos al ministro, que se establezca una pol\u00edtica especial, que he denominado Todo por el Sur de Bol\u00edvar, para atender las grandes necesidades que en materia de inversi\u00f3n social, en infraestructura y en v\u00edas padecen sus municipios. Es una elemental estrategia para comenzar a pagar la deuda social que se tiene con esta regi\u00f3n. Sobre todo porque un importante n\u00famero de sus municipios a\u00fan se encuentran en un alto grado de victimizaci\u00f3n.<\/p>\n<p>No quisiera terminar estas palabras sin manifestar toda mi gratitud y agradecimientos al Gobernador Juan Carlos Gossa\u00edn por su labor realizada. Nuestro departamento fue testigo de su car\u00e1cter, de su liderazgo, de su voluntad para sacar las cosas adelante y de su entereza para defender los intereses de los bolivarenses.<\/p>\n<p>Nuestro Departamento esta viviendo momento de optimismo y esperanza que son fruto de su gobierno. A \u00e9l, y a su se\u00f1ora Anny G\u00f3mez, solo les puedo decir lo que quisieran decirle todos y cada uno de los habitantes de esta tierra: gracias, muchas gracias.<\/p>\n<p>&nbsp;<\/p>\n<p>Amigos de Carmen de Bol\u00edvar,<\/p>\n<p>&nbsp;<\/p>\n<p>Estoy ac\u00e1 en Carmen de Bol\u00edvar porque a este lugar le debo todo. Me dio a mis padres, a mi familia, a mis amigos y sobre todo el cari\u00f1o de la gente. Soy carmero, esta es mi tierra y de ello me siento orgulloso. Por eso hoy vengo a jurar, poniendo a mi pueblo por testigo, que trabajar\u00e9 sin descanso para construir un Departamento m\u00e1s equitativo, m\u00e1s incluyente y m\u00e1s justo.<\/p>\n<p>Ese fue el sue\u00f1o de un hombre bueno, repentista y afable, querido por todos. Hijo del hombre que trajo la magia del cine a esta tierra. Un hombre al que quiero y recuerdo todos los d\u00edas. El que estando lejos no deja de aconsejarme. Refugio de mis angustias. Un hombre que declar\u00f3, un d\u00eda cualquiera, que su semilla gobernar\u00eda su propia tierra. El nombre de ese hombre es Domingo, mi padre.<\/p>\n<p>Les prometo, recordando su memoria, que no ser\u00e9 inferior a este destino hist\u00f3rico y les juro que trabajar\u00e9 sin descanso para tener un departamento grande, pr\u00f3spero y solidario a la medida de nuestro h\u00e9roe ep\u00f3nimo, el Libertador Bol\u00edvar.<\/p>\n<p>Todo en el prop\u00f3sito de tener un departamento libre de pobreza extrema y hambre, con educaci\u00f3n primaria para los ni\u00f1os, con igualdad de g\u00e9nero y respeto a la mujer, con reducci\u00f3n de la mortalidad infantil y que preserve el medio ambiente.<\/p>\n<p>Doy las gracias a Dios por su infinita bondad. \u00c9l sabe c\u00f3mo hace las cosas y ha querido poner en mis manos la digna y sagrada misi\u00f3n de llevar las bridas del departamento. A Liliana, mi esposa, por su extraordinario trabajo y voz de aliento en todo momento, a mis hijos por sus risas y caricias, las que fueron refugio y fuerza despu\u00e9s de cada jornada de trabajo.<\/p>\n<p>A partir de ahora se inicia un mandato del que espero que se sientan orgullosos. Hoy me rindo ante ustedes a pedirles que me ayuden a gobernar. En el gobierno lo dif\u00edcil no es hacer lo correcto sino saber que es lo correcto. No soy un hombre de sabidur\u00eda infinita: solo Dios la tiene y a \u00e9l le pertenece.<\/p>\n<p>Me defino como un servidor p\u00fablico pragm\u00e1tico, provisto de un gran sentido com\u00fan, bien intencionado y con una gran vocaci\u00f3n de servicio. Que quiere serle \u00fatil a su departamento, para ver al final de su gobierno muchos, pero muchos rostros felices.<\/p>\n<p>Hoy no hay m\u00e1s que futuro. Un futuro donde caben todos, donde todos podemos construir un Departamento mejor.<\/p>\n<p>Un ma\u00f1ana m\u00e1s pr\u00f3spero, m\u00e1s justo, m\u00e1s igualitario, m\u00e1s participativo.<\/p>\n<p>Sabemos que en cuatro a\u00f1os no vamos a resolver todos los problemas.\u00a0Pero vamos a resolver muchos.<\/p>\n<p>El cargo que asumo hoy me lo han dado ustedes. Y siento el peso de la responsabilidad.<br \/>\nTodos los bolivarenses est\u00e1n en mi mente y en mi coraz\u00f3n en este momento.<br \/>\nNace un nuevo tiempo.<\/p>\n<p>Tiempo de alegr\u00eda, tiempo de hombres, tiempo de j\u00f3venes y de ni\u00f1os, tiempo de mujer, tiempo de progreso, tiempo de paz, tiempo de bienestar.<\/p>\n<p>El porvenir de Bol\u00edvar, queridos amigos, no est\u00e1 como una m\u00e1gica predicci\u00f3n determinado para el \u00e9xito o para el fracaso. Ser\u00e1 lo que nosotros decidamos con participaci\u00f3n creadora organizada e inteligente.<\/p>\n<p>\u00a1Ese es el tama\u00f1o del compromiso!<br \/>\nMuchas gracias<\/p>\n<p>&nbsp;<\/p>\n<p>&nbsp;<\/p>\n","protected":false},"excerpt":{"rendered":"<p>PALABRAS DE DUMEK TURBAY PAZ POSESI\u00d3N COMO GOBERNADOR DEL DEPARTAMENTO DE BOLIVAR &nbsp; Hoy se inicia una nueva etapa en la vida institucional de nuestro Departamento. Una etapa que los bolivarenses asumimos con optimismo y sentido de porvenir. Una etapa en la que asumiremos con el mismo \u00edmpetu el impulso de cambio ganador que tiene Bol\u00edvar desde hace cuatro a\u00f1os. Una etapa en donde habr\u00e1 nuevos \u00e9nfasis, nuevas miradas, nuevos protagonistas. Pero, eso s\u00ed, manteniendo el rumbo que se ha ganado el apoyo mayoritario de los habitantes del Departamento. Vamos&#8230; <\/p>\n","protected":false},"author":3,"featured_media":10199,"comment_status":"open","ping_status":"closed","sticky":false,"template":"","format":"standard","meta":{"footnotes":"","_links_to":"","_links_to_target":""},"categories":[4],"tags":[],"class_list":["post-10190","post","type-post","status-publish","format-standard","has-post-thumbnail","hentry","category-politica"],"_links":{"self":[{"href":"https:\/\/revistazetta.com\/index.php?rest_route=\/wp\/v2\/posts\/10190","targetHints":{"allow":["GET"]}}],"collection":[{"href":"https:\/\/revistazetta.com\/index.php?rest_route=\/wp\/v2\/posts"}],"about":[{"href":"https:\/\/revistazetta.com\/index.php?rest_route=\/wp\/v2\/types\/post"}],"author":[{"embeddable":true,"href":"https:\/\/revistazetta.com\/index.php?rest_route=\/wp\/v2\/users\/3"}],"replies":[{"embeddable":true,"href":"https:\/\/revistazetta.com\/index.php?rest_route=%2Fwp%2Fv2%2Fcomments&post=10190"}],"version-history":[{"count":0,"href":"https:\/\/revistazetta.com\/index.php?rest_route=\/wp\/v2\/posts\/10190\/revisions"}],"wp:featuredmedia":[{"embeddable":true,"href":"https:\/\/revistazetta.com\/index.php?rest_route=\/wp\/v2\/media\/10199"}],"wp:attachment":[{"href":"https:\/\/revistazetta.com\/index.php?rest_route=%2Fwp%2Fv2%2Fmedia&parent=10190"}],"wp:term":[{"taxonomy":"category","embeddable":true,"href":"https:\/\/revistazetta.com\/index.php?rest_route=%2Fwp%2Fv2%2Fcategories&post=10190"},{"taxonomy":"post_tag","embeddable":true,"href":"https:\/\/revistazetta.com\/index.php?rest_route=%2Fwp%2Fv2%2Ftags&post=10190"}],"curies":[{"name":"wp","href":"https:\/\/api.w.org\/{rel}","templated":true}]}}