{"id":10191,"date":"2016-01-04T11:41:27","date_gmt":"2016-01-04T16:41:27","guid":{"rendered":"http:\/\/www.revistazetta.com\/?p=10191"},"modified":"2016-01-05T07:19:56","modified_gmt":"2016-01-05T12:19:56","slug":"el-discurso-de-dumek-en-30-frases","status":"publish","type":"post","link":"https:\/\/revistazetta.com\/?p=10191","title":{"rendered":"El discurso de Dumek en 30 frases"},"content":{"rendered":"<p><a name=\"_Toc420566564\"><\/a><a name=\"_Toc421786665\"><\/a>1.- Hoy se inicia una nueva etapa en la vida institucional de nuestro Departamento. Una etapa que los bolivarenses asumimos con optimismo y sentido de porvenir. Una etapa en la que asumiremos con el mismo \u00edmpetu el impulso de cambio ganador que tiene Bol\u00edvar desde hace cuatro a\u00f1os.<\/p>\n<p><a href=\"https:\/\/www.revistazetta.com\/wp-content\/uploads\/2016\/01\/Dumek-frasess.jpg\"><img loading=\"lazy\" decoding=\"async\" class=\" size-medium wp-image-10201 alignright\" src=\"https:\/\/www.revistazetta.com\/wp-content\/uploads\/2016\/01\/Dumek-frasess-300x183.jpg\" alt=\"Dumek-frasess\" width=\"300\" height=\"183\" srcset=\"https:\/\/revistazetta.com\/wp-content\/uploads\/2016\/01\/Dumek-frasess-300x183.jpg 300w, https:\/\/revistazetta.com\/wp-content\/uploads\/2016\/01\/Dumek-frasess.jpg 572w\" sizes=\"auto, (max-width: 300px) 100vw, 300px\" \/><\/a><\/p>\n<p>2.- Hoy soy el Gobernador de todos los Bolivarenses y gobernar\u00e9 pensando en todos y cada uno de los habitantes de este Departamento sin distingos ni excepciones. \u00a1Todos somos hijos de Bol\u00edvar!<\/p>\n<p>&nbsp;<\/p>\n<p>3.- Ser\u00e9 gobernador para todo el territorio del Departamento, no importa que tan cerca o lejos est\u00e9 de la sede de gobierno, desde Santa Catalina hasta Cantagallo, pasando por nuestra capital, por la zona que irriga el Canal del Dique, los Montes de Mar\u00eda, la Depresi\u00f3n Momposina, Loba, la Mojana y el Magdalena Medio.<\/p>\n<p>&nbsp;<\/p>\n<p>4.- Vamos a poner el centro de la pol\u00edtica en la gente, especialmente, en la gente que m\u00e1s lo necesita. En esa gente que quiere que su vida cambie. Vamos a ser instrumento de cambio. Vamos a ser instrumento de progreso. Vamos a ser instrumento de bienestar.<\/p>\n<p>&nbsp;<\/p>\n<p>5.- Desde la Gobernaci\u00f3n vamos a trabajar para que la educaci\u00f3n sea un instrumento de formaci\u00f3n, que se traduzca en mejores personas, en mejores ciudadanos, en mejores profesionales y en mejores familias. Vamos a hacer que las aulas escolares sean el punto de partida de much\u00edsimas historias exitosas de vida.<\/p>\n<p>&nbsp;<\/p>\n<p>6.- Quiero ni\u00f1os en contacto con la tecnolog\u00eda, con el deporte, con los valores, con el biling\u00fcismo, con las ciencias y con las humanidades. En ese sentido vamos a trabajar por tener colegios a la altura del futuro de nuestros ni\u00f1os y nuestros j\u00f3venes.<\/p>\n<p>&nbsp;<\/p>\n<p>7.- No tengo duda que la estrategia de la estrategia para desactivar las trampas de la pobreza y generar mayor movilidad social es y ser\u00e1 siempre la educaci\u00f3n.<\/p>\n<p>&nbsp;<\/p>\n<p>8.- Vamos a trabajar para que la salud no sea un privilegio ni un golpe de suerte sino un derecho real y concreto que se materializa en m\u00e9dicos preparados, en consultorios dotados y pulcros y en medicinas oportunas y gratuitas.<\/p>\n<p>&nbsp;<\/p>\n<p>9.- Quiero un servicio de salud robusto y humanizado, que sobreponga los derechos del paciente a las utilidades del negocio.<\/p>\n<p>&nbsp;<\/p>\n<p>10.- Vamos a trabajar para convertir a Bol\u00edvar en un lugar atractivo al emprendimiento, a la inversi\u00f3n, a la agricultura productiva y a los negocios. Los empresarios van a tener en esta administraci\u00f3n a un aliado que les ayudar\u00e1 a generar empleo, a producir riqueza, y a aumentar, por ende, los ingresos del departamento. Ingresos que nos ayudaran a hacer m\u00e1s inversi\u00f3n social.<\/p>\n<p>&nbsp;<\/p>\n<p>11.- Vamos a promover la universalizaci\u00f3n del deporte departamental como medio para potenciar la armon\u00eda y la convivencia pac\u00edfica, como estrategia indiscutible de desarrollo humano.<\/p>\n<p>&nbsp;<\/p>\n<p>12.- Si pude llevar el deporte de Bol\u00edvar, como gerente de IDERBOL, a la excelencia, claro que podr\u00e9, con la colaboraci\u00f3n de ustedes, llevar al departamento a un alto grado de desarrollo econ\u00f3mico y social. \u00a1Ese es el reto!<\/p>\n<p>&nbsp;<\/p>\n<p>13.- Trabajar en uni\u00f3n con el gobierno nacional para atender de manera eficiente y oportuna a las v\u00edctimas de la guerra es un compromiso. Ser\u00e9 uno de sus nuevos y m\u00e1s eficaces aliados.<\/p>\n<p>&nbsp;<\/p>\n<p>14.- Deseamos fortalecer la actividad agropecuaria e impulsar la econom\u00eda campesina para que el desarrollo econ\u00f3mico y la prosperidad lleguen al campo bolivarense. La paz solo ser\u00e1 posible desde un enfoque territorial \u2013 rural. Trabajando desde las regiones y para las regiones.<\/p>\n<p>&nbsp;<\/p>\n<p>15.- En materia de seguridad vamos a ser los aliados de los alcaldes para ayudarles a combatir la delincuencia y devolverles a los ciudadanos el derecho a recorrer sus municipios sin miedo ni incertidumbre. En mi gobierno los que van a tener miedo ser\u00e1n los delincuentes y no los ciudadanos de bien.<\/p>\n<p>&nbsp;<\/p>\n<p>16.- La obsesi\u00f3n en mi gobierno es y seguir\u00e1 siendo el agua. Bol\u00edvar tiene que revertir la inexplicable paradoja de seguir padeciendo por falta de agua potable, siendo un Departamento rico en recursos h\u00eddricos.<\/p>\n<p>&nbsp;<\/p>\n<p>17.- Vamos a impulsar con el sector privado y el Distrito de Cartagena, toda una red de infraestructuras cuya punta de lanza sea una central de abastecimiento alimentario mayorista que se conecte con mercados municipales en centro de acopio y de capacitaci\u00f3n, innovaci\u00f3n y tecnolog\u00eda agroalimentaria.<\/p>\n<p>&nbsp;<\/p>\n<p>18.- Vamos a trabajar en la modernizaci\u00f3n de los municipios. Necesitamos municipios con un \u00f3ptimo desarrollo institucional, con miras a mejorar su capacidad de dar respuesta a las demandas sociales.<\/p>\n<p>&nbsp;<\/p>\n<p>19.- El municipio bolivarense al final de mi gobierno deben ser entidades territoriales eficaces y eficientes: entrenadas en el manejo de los recursos fiscales, planeada y con una capacidad institucional capaz de garantizar una gesti\u00f3n administrativa a la altura de los retos de la modernidad.<\/p>\n<p>&nbsp;<\/p>\n<p>20.- La ciudad de Cartagena, lo informo, har\u00e1 parte de nuestra agenda de gobierno y de nuestro plan de inversiones. Cartagena es Bol\u00edvar y Bol\u00edvar es Cartagena. Porque el desarrollo del Departamento est\u00e1 ligado inevitablemente al desarrollo de su capital.<\/p>\n<p>&nbsp;<\/p>\n<p>21.- El pr\u00f3ximo a\u00f1o es un a\u00f1o definitivo en ese proceso en el que se encuentra el pa\u00eds. Les quiero decir que Bol\u00edvar va a ser protagonista de la paz y del postconflicto.<\/p>\n<p>&nbsp;<\/p>\n<p>22.- El principal eje estrat\u00e9gico de mi programa de gobierno es la paz, la educaci\u00f3n y la lucha contra la pobreza. Convencido que tenemos que hacer de estos tres compromisos el circulo virtuoso que contribuya a cerrar las brechas sociales, para garantizar un proceso de reconciliaci\u00f3n y convivencia estable y duradero.<\/p>\n<p>&nbsp;<\/p>\n<p>23.- Estamos jugados, y que lo sepan todos, en la gran empresa de la paz y del posconflicto.<\/p>\n<p>&nbsp;<\/p>\n<p>24.- Igualmente, le solicitamos al ministro, que se establezca una pol\u00edtica especial, que he denominado Todo por el Sur de Bol\u00edvar, para atender las grandes necesidades que en materia de inversi\u00f3n social, en infraestructura y en v\u00edas padecen sus municipios. Es una elemental estrategia para comenzar a pagar la deuda social que se tiene con esta regi\u00f3n. Sobre todo porque un importante n\u00famero de sus municipios a\u00fan se encuentran en un alto grado de victimizaci\u00f3n.<\/p>\n<p>&nbsp;<\/p>\n<p>25.- Soy carmero, esta es mi tierra y de ello me siento orgulloso. Por eso hoy vengo a jurar, poniendo a mi pueblo por testigo, que trabajar\u00e9 sin descanso para construir un Departamento m\u00e1s equitativo, m\u00e1s incluyente y m\u00e1s justo.<\/p>\n<p>&nbsp;<\/p>\n<p>26.- A partir de ahora se inicia un mandato del que espero que se sientan orgullosos. Hoy me rindo ante ustedes a pedirles que me ayuden a gobernar. En el gobierno lo dif\u00edcil no es hacer lo correcto sino saber que es lo correcto. No soy un hombre de sabidur\u00eda infinita: solo Dios la tiene y a \u00e9l le pertenece.<\/p>\n<p>&nbsp;<\/p>\n<p>27.- Me defino como un servidor p\u00fablico pragm\u00e1tico, provisto de un gran sentido com\u00fan, bien intencionado y con una gran vocaci\u00f3n de servicio. Que quiere serle \u00fatil a su departamento, para ver al final de su gobierno muchos, pero muchos rostros felices.<\/p>\n<p>&nbsp;<\/p>\n<p>28.- Hoy no hay m\u00e1s que futuro. Un futuro donde caben todos, donde todos podemos construir un Departamento mejor. Un ma\u00f1ana m\u00e1s pr\u00f3spero, m\u00e1s justo, m\u00e1s igualitario, m\u00e1s participativo.<\/p>\n<p>&nbsp;<\/p>\n<p>29.- Nace un nuevo tiempo. Tiempo de alegr\u00eda, tiempo de hombres, tiempo de j\u00f3venes y de ni\u00f1os, tiempo de mujer, tiempo de progreso, tiempo de paz, tiempo de bienestar.<\/p>\n<p>&nbsp;<\/p>\n<p>30.- El porvenir de Bol\u00edvar, queridos amigos, no est\u00e1 como una m\u00e1gica predicci\u00f3n determinado para el \u00e9xito o para el fracaso. Ser\u00e1 lo que nosotros decidamos con participaci\u00f3n creadora organizada e inteligente. \u00a1Ese es el tama\u00f1o del compromiso!<\/p>\n","protected":false},"excerpt":{"rendered":"<p>1.- Hoy se inicia una nueva etapa en la vida institucional de nuestro Departamento. Una etapa que los bolivarenses asumimos con optimismo y sentido de porvenir. Una etapa en la que asumiremos con el mismo \u00edmpetu el impulso de cambio ganador que tiene Bol\u00edvar desde hace cuatro a\u00f1os. 2.- Hoy soy el Gobernador de todos los Bolivarenses y gobernar\u00e9 pensando en todos y cada uno de los habitantes de este Departamento sin distingos ni excepciones. \u00a1Todos somos hijos de Bol\u00edvar! &nbsp; 3.- Ser\u00e9 gobernador para todo el territorio del Departamento,&#8230; <\/p>\n","protected":false},"author":3,"featured_media":10201,"comment_status":"open","ping_status":"closed","sticky":false,"template":"","format":"standard","meta":{"footnotes":"","_links_to":"","_links_to_target":""},"categories":[2,33],"tags":[],"class_list":["post-10191","post","type-post","status-publish","format-standard","has-post-thumbnail","hentry","category-actualidad","category-actualidad-bolivar"],"_links":{"self":[{"href":"https:\/\/revistazetta.com\/index.php?rest_route=\/wp\/v2\/posts\/10191","targetHints":{"allow":["GET"]}}],"collection":[{"href":"https:\/\/revistazetta.com\/index.php?rest_route=\/wp\/v2\/posts"}],"about":[{"href":"https:\/\/revistazetta.com\/index.php?rest_route=\/wp\/v2\/types\/post"}],"author":[{"embeddable":true,"href":"https:\/\/revistazetta.com\/index.php?rest_route=\/wp\/v2\/users\/3"}],"replies":[{"embeddable":true,"href":"https:\/\/revistazetta.com\/index.php?rest_route=%2Fwp%2Fv2%2Fcomments&post=10191"}],"version-history":[{"count":0,"href":"https:\/\/revistazetta.com\/index.php?rest_route=\/wp\/v2\/posts\/10191\/revisions"}],"wp:featuredmedia":[{"embeddable":true,"href":"https:\/\/revistazetta.com\/index.php?rest_route=\/wp\/v2\/media\/10201"}],"wp:attachment":[{"href":"https:\/\/revistazetta.com\/index.php?rest_route=%2Fwp%2Fv2%2Fmedia&parent=10191"}],"wp:term":[{"taxonomy":"category","embeddable":true,"href":"https:\/\/revistazetta.com\/index.php?rest_route=%2Fwp%2Fv2%2Fcategories&post=10191"},{"taxonomy":"post_tag","embeddable":true,"href":"https:\/\/revistazetta.com\/index.php?rest_route=%2Fwp%2Fv2%2Ftags&post=10191"}],"curies":[{"name":"wp","href":"https:\/\/api.w.org\/{rel}","templated":true}]}}