{"id":11484,"date":"2016-04-21T08:13:25","date_gmt":"2016-04-21T13:13:25","guid":{"rendered":"http:\/\/www.revistazetta.com\/?p=11484"},"modified":"2016-04-21T08:13:25","modified_gmt":"2016-04-21T13:13:25","slug":"escarabajos-de-vuelta-a-colombia-2016-ascenderan-a-la-cansona","status":"publish","type":"post","link":"https:\/\/revistazetta.com\/?p=11484","title":{"rendered":"\u201cEscarabajos\u201d de Vuelta a Colombia 2016 ascender\u00e1n a La Cansona"},"content":{"rendered":"<p>El gobernador de Bol\u00edvar Dumek Turbay Paz se reuni\u00f3 con el presidente de le Federaci\u00f3n Colombiana de Ciclismo Agust\u00edn Moreno Aristizabal para la puesta en marcha de todas los preparativos concernientes a la Vuelta a Colombia 2016 en su versi\u00f3n n\u00famero 66. Se acord\u00f3 durante este encuentro que la primera etapa del recorrido partir\u00e1 desde la Gobernaci\u00f3n de Bol\u00edvar, Turbaco,\u00a0 hasta la Cansona, la alta monta\u00f1a de los Montes de Mar\u00eda, en su primer recorrido. Ser\u00e1 el 14 de junio del presente a\u00f1o.<\/p>\n<p>\u201cHoy podemos anunciar la\u00a0 gran noticia de que la carrera cicl\u00edstica m\u00e1s importante del pa\u00eds y una de las m\u00e1s importantes del mundo, tendr\u00e1 su presentaci\u00f3n y primera etapa en el territorio bolivarense\u201d, afirm\u00f3 Dumek Turbay.\u00a0 La presentaci\u00f3n y pr\u00f3logo de este gran evento iniciar\u00e1 en Cartagena pero la primera etapa del recorrido saldr\u00e1 desde la Gobernaci\u00f3n de Bol\u00edvar, Turbaco.<\/p>\n<p>\u201cSe acord\u00f3 que el primer recorrido partir\u00e1 desde la Gobernaci\u00f3n de Bol\u00edvar, llegando hasta la Cansona que es la alta monta\u00f1a de los Montes de Mar\u00eda, esto como un mensaje de reconciliaci\u00f3n y \u00a0apoyo al postconflicto y la paz que se vive en esa zona\u201d, sostuvo Turbay Paz durante este encuentro.<\/p>\n<p>El recorrido que llegar\u00e1 el 26 de junio al Parque Bol\u00edvar de la ciudad de Bogot\u00e1, se constituye en uno de los eventos m\u00e1s importantes del deporte colombiano. Este trayecto atraviesa por 11 departamentos del pa\u00eds y desde ya el presidente de la Federaci\u00f3n Colombiana de Ciclismo Agust\u00edn Moreno Aristizabal extendi\u00f3 un llamado a la ciudadan\u00eda a que acompa\u00f1en este evento.<\/p>\n<p>\u201cLe hago un llamado especial a toda la ciudadan\u00eda para que nos acompa\u00f1en tanto en el pr\u00f3logo como en la primera etapa que transitar\u00e1 por tierras de paz, donde el gobierno nacional en asocio con el se\u00f1or gobernador ha\u00a0 cre\u00eddo en la federaci\u00f3n y en la paz de Colombia\u201d, destac\u00f3 Moreno Aristizabal.<\/p>\n<p>La Vuelta a Colombia es uno de los espect\u00e1culos deportivos que m\u00e1s triunfos le ha dado a Colombia en toda su historia. Para esta oportunidad se espera la participaci\u00f3n del espa\u00f1ol Oscar Sevilla, quien ha sido campe\u00f3n en las \u00faltimas tres ocasiones.<\/p>\n","protected":false},"excerpt":{"rendered":"<p>El gobernador de Bol\u00edvar Dumek Turbay Paz se reuni\u00f3 con el presidente de le Federaci\u00f3n Colombiana de Ciclismo Agust\u00edn Moreno Aristizabal para la puesta en marcha de todas los preparativos concernientes a la Vuelta a Colombia 2016 en su versi\u00f3n n\u00famero 66. Se acord\u00f3 durante este encuentro que la primera etapa del recorrido partir\u00e1 desde la Gobernaci\u00f3n de Bol\u00edvar, Turbaco,\u00a0 hasta la Cansona, la alta monta\u00f1a de los Montes de Mar\u00eda, en su primer recorrido. Ser\u00e1 el 14 de junio del presente a\u00f1o. \u201cHoy podemos anunciar la\u00a0 gran noticia de&#8230; <\/p>\n","protected":false},"author":3,"featured_media":0,"comment_status":"open","ping_status":"closed","sticky":false,"template":"","format":"standard","meta":{"footnotes":"","_links_to":"","_links_to_target":""},"categories":[53],"tags":[],"class_list":["post-11484","post","type-post","status-publish","format-standard","hentry","category-deportes"],"_links":{"self":[{"href":"https:\/\/revistazetta.com\/index.php?rest_route=\/wp\/v2\/posts\/11484","targetHints":{"allow":["GET"]}}],"collection":[{"href":"https:\/\/revistazetta.com\/index.php?rest_route=\/wp\/v2\/posts"}],"about":[{"href":"https:\/\/revistazetta.com\/index.php?rest_route=\/wp\/v2\/types\/post"}],"author":[{"embeddable":true,"href":"https:\/\/revistazetta.com\/index.php?rest_route=\/wp\/v2\/users\/3"}],"replies":[{"embeddable":true,"href":"https:\/\/revistazetta.com\/index.php?rest_route=%2Fwp%2Fv2%2Fcomments&post=11484"}],"version-history":[{"count":0,"href":"https:\/\/revistazetta.com\/index.php?rest_route=\/wp\/v2\/posts\/11484\/revisions"}],"wp:attachment":[{"href":"https:\/\/revistazetta.com\/index.php?rest_route=%2Fwp%2Fv2%2Fmedia&parent=11484"}],"wp:term":[{"taxonomy":"category","embeddable":true,"href":"https:\/\/revistazetta.com\/index.php?rest_route=%2Fwp%2Fv2%2Fcategories&post=11484"},{"taxonomy":"post_tag","embeddable":true,"href":"https:\/\/revistazetta.com\/index.php?rest_route=%2Fwp%2Fv2%2Ftags&post=11484"}],"curies":[{"name":"wp","href":"https:\/\/api.w.org\/{rel}","templated":true}]}}