{"id":11554,"date":"2016-04-25T06:08:12","date_gmt":"2016-04-25T11:08:12","guid":{"rendered":"http:\/\/www.revistazetta.com\/?p=11554"},"modified":"2016-04-25T06:08:12","modified_gmt":"2016-04-25T11:08:12","slug":"con-siembra-de-arboles-epa-cartagena-celebro-dia-de-la-tierra","status":"publish","type":"post","link":"https:\/\/revistazetta.com\/?p=11554","title":{"rendered":"Con siembra de \u00e1rboles, Epa Cartagena celebr\u00f3 D\u00eda de la Tierra"},"content":{"rendered":"<p>La autoridad ambiental se sum\u00f3 a la iniciativa de Naciones Unidas para el 2016 \u201c\u00c1rbolesParaLaTierra\u201d, que tiene como meta plantar 7,8 millones de \u00e1rboles en los pr\u00f3ximos cinco a\u00f1os, en todo el mundo.<\/p>\n<p>En Cartagena se sembraron 250 \u00e1rboles, entre maderables y frutales en los siguientes puntos:<\/p>\n<p>&#8211; Hogar de Bienestar Familiar, barrio Olaya Herrera, sector 11 de Noviembre.<\/p>\n<p>&#8211; Colegio Ternera<\/p>\n<p>&#8211; Colegio Comfenalco<\/p>\n<p>&#8211; I.E. Jos\u00e9 de la Vega, en Torices<\/p>\n<p>&#8211; Colegio Villa Estrella<\/p>\n<p>&#8211; Colegio F\u00e9 y Alegr\u00eda, en el barrio Flor del Campo<\/p>\n<p>&#8211; Universidad de Cartagena, en sus tres sedes: Piedra de Bol\u00edvar, San Pablo y Zaragocilla<\/p>\n<p>&#8211; Zona Verde del Parque Olaya Herrera, frente al cuartelillo<\/p>\n<p>&#8211; Centro de Vida, Olaya Herrera, sector Ricaurte<\/p>\n<p>&#8211; Casa de Justicia del Country<\/p>\n<p>Mar\u00eda Ang\u00e9lica Garc\u00eda Turbay, directora de Epa Cartagena, explica que los \u00e1rboles brindan servicios ambientales que benefician a todos los que habitamos la tierra; adem\u00e1s trascieden la edad de los humanos, ya que pueden durar muchos a\u00f1os.<\/p>\n<p>Datos:<\/p>\n<p>Los \u00e1rboles absorben el exceso de CO2 de nuestra atm\u00f3sfera, ayudan a combatir el cambio clim\u00e1tico, \u00a0a respirar aire limpio, a contrarrestar la p\u00e9rdida de especies y a las comunidades y sus medios de vida.<\/p>\n<p>Se calcula que en un a\u00f1o media h\u00e9ctarea de \u00e1rboles maduros absorbe la misma cantidad de CO2 producido por la conducci\u00f3n promedio de un autom\u00f3vil, que es de unos 42 000 kil\u00f3metros.<\/p>\n<p>El D\u00eda de la Tierra comenz\u00f3 a celebrarse en los Estados Unidos en 1970 y ahora se dirige hacia su 50 aniversario.<\/p>\n","protected":false},"excerpt":{"rendered":"<p>La autoridad ambiental se sum\u00f3 a la iniciativa de Naciones Unidas para el 2016 \u201c\u00c1rbolesParaLaTierra\u201d, que tiene como meta plantar 7,8 millones de \u00e1rboles en los pr\u00f3ximos cinco a\u00f1os, en todo el mundo. En Cartagena se sembraron 250 \u00e1rboles, entre maderables y frutales en los siguientes puntos: &#8211; Hogar de Bienestar Familiar, barrio Olaya Herrera, sector 11 de Noviembre. &#8211; Colegio Ternera &#8211; Colegio Comfenalco &#8211; I.E. Jos\u00e9 de la Vega, en Torices &#8211; Colegio Villa Estrella &#8211; Colegio F\u00e9 y Alegr\u00eda, en el barrio Flor del Campo &#8211; Universidad&#8230; <\/p>\n","protected":false},"author":3,"featured_media":0,"comment_status":"open","ping_status":"closed","sticky":false,"template":"","format":"standard","meta":{"footnotes":"","_links_to":"","_links_to_target":""},"categories":[2,32],"tags":[],"class_list":["post-11554","post","type-post","status-publish","format-standard","hentry","category-actualidad","category-actualidad-distrito"],"_links":{"self":[{"href":"https:\/\/revistazetta.com\/index.php?rest_route=\/wp\/v2\/posts\/11554","targetHints":{"allow":["GET"]}}],"collection":[{"href":"https:\/\/revistazetta.com\/index.php?rest_route=\/wp\/v2\/posts"}],"about":[{"href":"https:\/\/revistazetta.com\/index.php?rest_route=\/wp\/v2\/types\/post"}],"author":[{"embeddable":true,"href":"https:\/\/revistazetta.com\/index.php?rest_route=\/wp\/v2\/users\/3"}],"replies":[{"embeddable":true,"href":"https:\/\/revistazetta.com\/index.php?rest_route=%2Fwp%2Fv2%2Fcomments&post=11554"}],"version-history":[{"count":0,"href":"https:\/\/revistazetta.com\/index.php?rest_route=\/wp\/v2\/posts\/11554\/revisions"}],"wp:attachment":[{"href":"https:\/\/revistazetta.com\/index.php?rest_route=%2Fwp%2Fv2%2Fmedia&parent=11554"}],"wp:term":[{"taxonomy":"category","embeddable":true,"href":"https:\/\/revistazetta.com\/index.php?rest_route=%2Fwp%2Fv2%2Fcategories&post=11554"},{"taxonomy":"post_tag","embeddable":true,"href":"https:\/\/revistazetta.com\/index.php?rest_route=%2Fwp%2Fv2%2Ftags&post=11554"}],"curies":[{"name":"wp","href":"https:\/\/api.w.org\/{rel}","templated":true}]}}