{"id":12993,"date":"2016-05-05T14:31:03","date_gmt":"2016-05-05T19:31:03","guid":{"rendered":"http:\/\/www.revistazetta.com\/?p=12993"},"modified":"2016-05-05T14:44:14","modified_gmt":"2016-05-05T19:44:14","slug":"proximo-martes-empiezan-audiencias-publicas","status":"publish","type":"post","link":"https:\/\/revistazetta.com\/?p=12993","title":{"rendered":"Pr\u00f3ximo martes empiezan Audiencias P\u00fablicas sobre el Plan de Desarrollo 2016-2019"},"content":{"rendered":"<p>El Concejo distrital de Cartagena hace un llamado a la ciudadan\u00eda participar de las Audiencias p\u00fablicas del Proyecto De Acuerdo en el cual se adopta el Plan de Desarrollo 2016 \u2013 2019 de la administraci\u00f3n actual encabezada por el alcalde Manuel Vicente Duque \u201cPrimero la gentes para una Cartagena sostenible y competitiva\u201d<\/p>\n<p>Para garantizar una participaci\u00f3n amplia y pluralista en la discusi\u00f3n de este proyecto de Acuerdo, se dividieron por Objetivos para escuchar la ciudadan\u00eda en general, as\u00ed:<\/p>\n<p>\u2022 Martes 10 de Mayo de 2016, Objetivo No. 1 \u2013 Superar la Desigualdad. Temas: Educaci\u00f3n y Cultura.<\/p>\n<p>\u2022 Mi\u00e9rcoles 11 de Mayo de 2016, Objetivo No. 1 \u2013 Superar la Desigualdad. Temas: Salud y Deporte.<\/p>\n<p>\u2022 Jueves 12 de Mayo de 2016, Objetivo No. 1 \u2013 Superar la Desigualdad. Temas: Participaci\u00f3n y PES.<\/p>\n<p>\u2022 Lunes 16 de Mayo de 2016, Objetivo No. 2 Adaptar el territorio para la Gente. Temas: Desarrollo Econ\u00f3mico incluyente. Secretarias de Planeaci\u00f3n, Hacienda y General.<\/p>\n<p>\u2022 Martes 17 de Mayo de 2016, Objetivo No. 2 &#8211; Adaptar el territorio para la Gente. Temas: Infraestructura, Valorizaci\u00f3n, Corvivienda, Gesti\u00f3n del Riesgo, ambiental (EPA Cartagena), Servicios P\u00fablicos.<\/p>\n<p>\u2022 Mi\u00e9rcoles 18 de Mayo de 2016, Objetivo No. 2 &#8211; Adaptar el territorio para la Gente. Temas: Espacio P\u00fablico, DATT, Transcaribe y UMATA.<\/p>\n<p>\u2022 Jueves 19 de Mayo de 2016, Objetivo No. 3 \u2013 Construir ciudadan\u00eda y fortalecer la Institucionalidad.Temas: Seguridad \u2013 Sec. Interior y Distriseguridad.<\/p>\n<p>\u2022 Viernes 20 de Mayo de 2016, Objetivo No. 3 \u2013 Construir ciudadan\u00eda y fortalecer la Institucionalidad.Temas: Fortalecimiento institucional y Planeaci\u00f3n local. Sec. General, Escuela de Gobierno, Hacienda y Planeaci\u00f3n.<\/p>\n<p>Todas las personas naturales y jur\u00eddicas interesadas en participar en las audiencias, deber\u00e1n inscribirse en la Secretaria General del Concejo, a m\u00e1s tardar dentro de las 24 horas anteriores al inicio de la Audiencia P\u00fablica con ponencia escrita de m\u00e1ximo 250 caracteres.<\/p>\n<p>El tiempo m\u00e1ximo de exposici\u00f3n de cada uno de los intervinientes ser\u00e1 de 10 minutos en aras de garantizar el principio de igualdad y participaci\u00f3n.<\/p>\n","protected":false},"excerpt":{"rendered":"<p>El Concejo distrital de Cartagena hace un llamado a la ciudadan\u00eda participar de las Audiencias p\u00fablicas del Proyecto De Acuerdo en el cual se adopta el Plan de Desarrollo 2016 \u2013 2019 de la administraci\u00f3n actual encabezada por el alcalde Manuel Vicente Duque \u201cPrimero la gentes para una Cartagena sostenible y competitiva\u201d Para garantizar una participaci\u00f3n amplia y pluralista en la discusi\u00f3n de este proyecto de Acuerdo, se dividieron por Objetivos para escuchar la ciudadan\u00eda en general, as\u00ed: \u2022 Martes 10 de Mayo de 2016, Objetivo No. 1 \u2013 Superar&#8230; <\/p>\n","protected":false},"author":3,"featured_media":12997,"comment_status":"open","ping_status":"closed","sticky":false,"template":"","format":"standard","meta":{"footnotes":"","_links_to":"","_links_to_target":""},"categories":[2,32],"tags":[],"class_list":["post-12993","post","type-post","status-publish","format-standard","has-post-thumbnail","hentry","category-actualidad","category-actualidad-distrito"],"_links":{"self":[{"href":"https:\/\/revistazetta.com\/index.php?rest_route=\/wp\/v2\/posts\/12993","targetHints":{"allow":["GET"]}}],"collection":[{"href":"https:\/\/revistazetta.com\/index.php?rest_route=\/wp\/v2\/posts"}],"about":[{"href":"https:\/\/revistazetta.com\/index.php?rest_route=\/wp\/v2\/types\/post"}],"author":[{"embeddable":true,"href":"https:\/\/revistazetta.com\/index.php?rest_route=\/wp\/v2\/users\/3"}],"replies":[{"embeddable":true,"href":"https:\/\/revistazetta.com\/index.php?rest_route=%2Fwp%2Fv2%2Fcomments&post=12993"}],"version-history":[{"count":0,"href":"https:\/\/revistazetta.com\/index.php?rest_route=\/wp\/v2\/posts\/12993\/revisions"}],"wp:featuredmedia":[{"embeddable":true,"href":"https:\/\/revistazetta.com\/index.php?rest_route=\/wp\/v2\/media\/12997"}],"wp:attachment":[{"href":"https:\/\/revistazetta.com\/index.php?rest_route=%2Fwp%2Fv2%2Fmedia&parent=12993"}],"wp:term":[{"taxonomy":"category","embeddable":true,"href":"https:\/\/revistazetta.com\/index.php?rest_route=%2Fwp%2Fv2%2Fcategories&post=12993"},{"taxonomy":"post_tag","embeddable":true,"href":"https:\/\/revistazetta.com\/index.php?rest_route=%2Fwp%2Fv2%2Ftags&post=12993"}],"curies":[{"name":"wp","href":"https:\/\/api.w.org\/{rel}","templated":true}]}}