{"id":13023,"date":"2016-05-10T14:58:09","date_gmt":"2016-05-10T19:58:09","guid":{"rendered":"http:\/\/www.revistazetta.com\/?p=13023"},"modified":"2016-05-10T14:59:21","modified_gmt":"2016-05-10T19:59:21","slug":"primer-seminario-taller-futbol-sala-cartagena","status":"publish","type":"post","link":"https:\/\/revistazetta.com\/?p=13023","title":{"rendered":"Primer  Seminario \u2013 Taller de F\u00fatbol Sala en Cartagena"},"content":{"rendered":"<p>Para  dejar en alto el nombre de Cartagena  escogida como sede de las justas m\u00e1s importantes del pa\u00eds, los Juegos Nacionales 2019, se llev\u00f3 a cabo el Primer Seminario- Taller de F\u00fatbol Sala \u201cPrimero los Docentes\u201d, organizado por el Instituto Distrital de Deporte y Recreaci\u00f3n \u2013 IDER en convenio con la Universidad de San Buenaventura en el Auditorio Torre\u00f3n de la entidad educativa.<\/p>\n<p>Con el fin de brindarles una mejor preparaci\u00f3n a los docentes de educaci\u00f3n f\u00edsica, t\u00e9cnicos y entrenadores de este deporte, durante un d\u00eda y medio se realiz\u00f3 esta actividad en el Auditorio Torre\u00f3n de la universidad San Buenaventura y el Coliseo Northon Madrid, donde se cont\u00f3 con la participaci\u00f3n de la Comisi\u00f3n Nacional de F\u00fatbol Sala, la Federaci\u00f3n Nacional de F\u00fatbol, la Fundaci\u00f3n Fundeipros y con el apoyo de la administraci\u00f3n Primero la Gente y  el IDER. <\/p>\n<p>Cada uno de estos entes con sus representantes, fueron los encargados de llevarle a los docentes entre el 6 y 7 de mayo,  la informaci\u00f3n acerca de esta modalidad  para poner en pr\u00e1ctica con  los equipos de la ciudad. El IDER busca con estos Seminarios preparar y promocionar los deportes que estar\u00e1n incluidos  en los Juegos Nacionales 2019 y que est\u00e1n en el olvido.<\/p>\n<p>\u201cEs importante para nosotros realizar este tipo de actividades,  para fomentar y preparar a las personas interesadas como los docentes y t\u00e9cnicos quienes son los encargados de transmitir toda la informaci\u00f3n dada a nuestros j\u00f3venes deportistas y dejar en alto el nombre de la administraci\u00f3n Primero la Gente en cabeza de nuestro Alcalde Manuel Vicente Duque quien apoya esta iniciativa, que es apenas una etapa preparatoria para los Juegos  Nacionales del 2019\u201d, expuso el director del IDER Hernando Pertuz Corcho.<\/p>\n<p>Los asistentes iniciaron con el conversatorio del Dr. Nelson Padilla quien habl\u00f3 a cerca de la recuperaci\u00f3n de las lesiones comunes que se dan en estos futbolistas, y el Dr. Diego Morales,  Coordinador Nacional de la Comisi\u00f3n de Futbol Sala quien declar\u00f3 que, \u201cestamos muy agradecidos con esta invitaci\u00f3n para seguir promocionando el F\u00fatbol Sala a nivel nacional,  sobretodo aqu\u00ed en Cartagena donde son sede de los Juegos Nacionales  y esta modalidad esta dentro los juegos,  creo que tienen una posibilidad muy grande. Esto apenas es una pincelada para  motivar a todos los entrenadores,  a la gente interesada en el F\u00fatbol Sala,  para que se preparen, porque lo que queremos es regresar y organizar un Seminario de mas d\u00edas y  con invitados especiales como el T\u00e9cnico de la Selecci\u00f3n Colombia, los instructores nacionales de juzgamiento y \u00e1rbitros para continuar con un proceso que se merecen y para que est\u00e9n lo suficientemente preparados para los Juegos Nacionales\u201d.<\/p>\n<p>El seminario taller termino con un una jornada practica y entrega de certificados a los 100 participantes en el coliseo Northon Madrid. <\/p>\n","protected":false},"excerpt":{"rendered":"<p>Para dejar en alto el nombre de Cartagena escogida como sede de las justas m\u00e1s importantes del pa\u00eds, los Juegos Nacionales 2019, se llev\u00f3 a cabo el Primer Seminario- Taller de F\u00fatbol Sala \u201cPrimero los Docentes\u201d, organizado por el Instituto Distrital de Deporte y Recreaci\u00f3n \u2013 IDER en convenio con la Universidad de San Buenaventura en el Auditorio Torre\u00f3n de la entidad educativa. Con el fin de brindarles una mejor preparaci\u00f3n a los docentes de educaci\u00f3n f\u00edsica, t\u00e9cnicos y entrenadores de este deporte, durante un d\u00eda y medio se realiz\u00f3&#8230; <\/p>\n","protected":false},"author":3,"featured_media":13024,"comment_status":"open","ping_status":"closed","sticky":false,"template":"","format":"standard","meta":{"footnotes":"","_links_to":"","_links_to_target":""},"categories":[54,53,91],"tags":[98],"class_list":["post-13023","post","type-post","status-publish","format-standard","has-post-thumbnail","hentry","category-futbol","category-deportes","category-juegos-nacionales","tag-juegos-nacionales-futbol-sala"],"_links":{"self":[{"href":"https:\/\/revistazetta.com\/index.php?rest_route=\/wp\/v2\/posts\/13023","targetHints":{"allow":["GET"]}}],"collection":[{"href":"https:\/\/revistazetta.com\/index.php?rest_route=\/wp\/v2\/posts"}],"about":[{"href":"https:\/\/revistazetta.com\/index.php?rest_route=\/wp\/v2\/types\/post"}],"author":[{"embeddable":true,"href":"https:\/\/revistazetta.com\/index.php?rest_route=\/wp\/v2\/users\/3"}],"replies":[{"embeddable":true,"href":"https:\/\/revistazetta.com\/index.php?rest_route=%2Fwp%2Fv2%2Fcomments&post=13023"}],"version-history":[{"count":0,"href":"https:\/\/revistazetta.com\/index.php?rest_route=\/wp\/v2\/posts\/13023\/revisions"}],"wp:featuredmedia":[{"embeddable":true,"href":"https:\/\/revistazetta.com\/index.php?rest_route=\/wp\/v2\/media\/13024"}],"wp:attachment":[{"href":"https:\/\/revistazetta.com\/index.php?rest_route=%2Fwp%2Fv2%2Fmedia&parent=13023"}],"wp:term":[{"taxonomy":"category","embeddable":true,"href":"https:\/\/revistazetta.com\/index.php?rest_route=%2Fwp%2Fv2%2Fcategories&post=13023"},{"taxonomy":"post_tag","embeddable":true,"href":"https:\/\/revistazetta.com\/index.php?rest_route=%2Fwp%2Fv2%2Ftags&post=13023"}],"curies":[{"name":"wp","href":"https:\/\/api.w.org\/{rel}","templated":true}]}}