{"id":13194,"date":"2016-05-19T09:29:39","date_gmt":"2016-05-19T14:29:39","guid":{"rendered":"http:\/\/www.revistazetta.com\/?p=13194"},"modified":"2016-05-19T09:29:39","modified_gmt":"2016-05-19T14:29:39","slug":"temprano-se-hicieron-los-cambios-gabinete-encuesta-virtual","status":"publish","type":"post","link":"https:\/\/revistazetta.com\/?p=13194","title":{"rendered":"Muy temprano se hicieron los cambios en el Gabinete: Encuesta virtual"},"content":{"rendered":"<p>Luego de 5 mese de asumir su mandato, el gobernador de Bol\u00edvar Dumek Turbay ha realizado varios cambios en su gabinete. Primero ocurre la renuncia por parte del gerente de Aguas de Bol\u00edvar, Fejed Al\u00ed Badr\u00e1n, luego se retira  la Secretaria General Yerly \u00c1lvarez para atender proyectos personales y en  su lugar  se nombra a Johann Toncel que al ya no poder estar en la Secretar\u00eda Privada se le cede la oportunidad a la abogada Laura D\u00e1ger Cabrales, quien era asesora de Despacho.<\/p>\n<p>Finalmente en reemplazo de Boris Anaya est\u00e1 en la  Direcci\u00f3n de Rentas el profesional Waldy Seju\u00e1n, de Mahates.<\/p>\n<p>\u00bfPodr\u00edan ser estos cambios tempraneros, normales o necesarios? Quisimos saber qu\u00e9 opinaban los lectores de Zetta a trav\u00e9s de la encuesta virtual y  los resultados arrojan que un 50% de los votantes considera que los cambios fueron, tempraneros y que 5 meses despu\u00e9s de posicionarse el mandatario es muy pronto para hacer cambios en el gabinete.<\/p>\n<p>El resto de votos se divide equitativamente entre 25%  los que piensan que fueron necesarios y otro 25%  entre quienes consideran estos cambios como un acontecimiento normal.<\/p>\n<p>Ya veremos seg\u00fan la gesti\u00f3n de los nuevos nombrados, si independientemente de que las decisiones tomadas fueron tempraneras, normales o necesarias, tambi\u00e9n resultaron acertadas.<\/p>\n","protected":false},"excerpt":{"rendered":"<p>Luego de 5 mese de asumir su mandato, el gobernador de Bol\u00edvar Dumek Turbay ha realizado varios cambios en su gabinete. Primero ocurre la renuncia por parte del gerente de Aguas de Bol\u00edvar, Fejed Al\u00ed Badr\u00e1n, luego se retira la Secretaria General Yerly \u00c1lvarez para atender proyectos personales y en su lugar se nombra a Johann Toncel que al ya no poder estar en la Secretar\u00eda Privada se le cede la oportunidad a la abogada Laura D\u00e1ger Cabrales, quien era asesora de Despacho. Finalmente en reemplazo de Boris Anaya est\u00e1&#8230; <\/p>\n","protected":false},"author":3,"featured_media":13067,"comment_status":"open","ping_status":"closed","sticky":false,"template":"","format":"standard","meta":{"footnotes":"","_links_to":"","_links_to_target":""},"categories":[65],"tags":[],"class_list":["post-13194","post","type-post","status-publish","format-standard","has-post-thumbnail","hentry","category-opinion"],"_links":{"self":[{"href":"https:\/\/revistazetta.com\/index.php?rest_route=\/wp\/v2\/posts\/13194","targetHints":{"allow":["GET"]}}],"collection":[{"href":"https:\/\/revistazetta.com\/index.php?rest_route=\/wp\/v2\/posts"}],"about":[{"href":"https:\/\/revistazetta.com\/index.php?rest_route=\/wp\/v2\/types\/post"}],"author":[{"embeddable":true,"href":"https:\/\/revistazetta.com\/index.php?rest_route=\/wp\/v2\/users\/3"}],"replies":[{"embeddable":true,"href":"https:\/\/revistazetta.com\/index.php?rest_route=%2Fwp%2Fv2%2Fcomments&post=13194"}],"version-history":[{"count":0,"href":"https:\/\/revistazetta.com\/index.php?rest_route=\/wp\/v2\/posts\/13194\/revisions"}],"wp:featuredmedia":[{"embeddable":true,"href":"https:\/\/revistazetta.com\/index.php?rest_route=\/wp\/v2\/media\/13067"}],"wp:attachment":[{"href":"https:\/\/revistazetta.com\/index.php?rest_route=%2Fwp%2Fv2%2Fmedia&parent=13194"}],"wp:term":[{"taxonomy":"category","embeddable":true,"href":"https:\/\/revistazetta.com\/index.php?rest_route=%2Fwp%2Fv2%2Fcategories&post=13194"},{"taxonomy":"post_tag","embeddable":true,"href":"https:\/\/revistazetta.com\/index.php?rest_route=%2Fwp%2Fv2%2Ftags&post=13194"}],"curies":[{"name":"wp","href":"https:\/\/api.w.org\/{rel}","templated":true}]}}