{"id":13202,"date":"2016-05-19T11:19:19","date_gmt":"2016-05-19T16:19:19","guid":{"rendered":"http:\/\/www.revistazetta.com\/?p=13202"},"modified":"2016-05-19T11:19:19","modified_gmt":"2016-05-19T16:19:19","slug":"aplazada-eleccion-empleados-del-sub-comite-bienestar-social-e-incentivo","status":"publish","type":"post","link":"https:\/\/revistazetta.com\/?p=13202","title":{"rendered":"Aplazada elecci\u00f3n de empleados del sub comit\u00e9 de bienestar social e incentivo"},"content":{"rendered":"<p>El proceso de elecci\u00f3n de los representantes de los empleados del sub comit\u00e9 de bienestar social e incentivo de la Secretar\u00eda de Salud departamental previsto inicialmente para este viernes 20 de abril, se posterg\u00f3 debido al recorrido que har\u00e1 el ministro de Agricultura, Aurelio Iragorri Valencia en las instalaciones del CAD, Centro Administrativo Departamental durante todo el d\u00eda.<\/p>\n<p>En el proceso electivo que a\u00fan no tiene fecha definida, podr\u00e1n votar los trabajadores oficiales, empleados p\u00fablicos de carrera administrativa y trabajadores de libre nombramiento y remoci\u00f3n de la Secretar\u00eda de Salud.de Bol\u00edvar.<br \/>\nLos representantes de los empleados ser\u00e1n escogidos de dos planchas definidas de la siguiente manera: La n\u00famero uno conformada por Ramiro Pereira Lentino y Jorge Villadiego Beltr\u00e1n.<\/p>\n<p>La segunda plancha la integran Carmen P\u00e9rez Y\u00e9pes y Leda Mart\u00ednez Morales.Se espera que el pr\u00f3ximo lunes se fije la nueva fecha para escoger a quienes se convertir\u00e1n en los representantes de los empleados de la secretar\u00eda de salud departamental.<\/p>\n","protected":false},"excerpt":{"rendered":"<p>El proceso de elecci\u00f3n de los representantes de los empleados del sub comit\u00e9 de bienestar social e incentivo de la Secretar\u00eda de Salud departamental previsto inicialmente para este viernes 20 de abril, se posterg\u00f3 debido al recorrido que har\u00e1 el ministro de Agricultura, Aurelio Iragorri Valencia en las instalaciones del CAD, Centro Administrativo Departamental durante todo el d\u00eda. En el proceso electivo que a\u00fan no tiene fecha definida, podr\u00e1n votar los trabajadores oficiales, empleados p\u00fablicos de carrera administrativa y trabajadores de libre nombramiento y remoci\u00f3n de la Secretar\u00eda de Salud.de&#8230; <\/p>\n","protected":false},"author":3,"featured_media":0,"comment_status":"open","ping_status":"closed","sticky":false,"template":"","format":"standard","meta":{"footnotes":"","_links_to":"","_links_to_target":""},"categories":[33],"tags":[],"class_list":["post-13202","post","type-post","status-publish","format-standard","hentry","category-actualidad-bolivar"],"_links":{"self":[{"href":"https:\/\/revistazetta.com\/index.php?rest_route=\/wp\/v2\/posts\/13202","targetHints":{"allow":["GET"]}}],"collection":[{"href":"https:\/\/revistazetta.com\/index.php?rest_route=\/wp\/v2\/posts"}],"about":[{"href":"https:\/\/revistazetta.com\/index.php?rest_route=\/wp\/v2\/types\/post"}],"author":[{"embeddable":true,"href":"https:\/\/revistazetta.com\/index.php?rest_route=\/wp\/v2\/users\/3"}],"replies":[{"embeddable":true,"href":"https:\/\/revistazetta.com\/index.php?rest_route=%2Fwp%2Fv2%2Fcomments&post=13202"}],"version-history":[{"count":0,"href":"https:\/\/revistazetta.com\/index.php?rest_route=\/wp\/v2\/posts\/13202\/revisions"}],"wp:attachment":[{"href":"https:\/\/revistazetta.com\/index.php?rest_route=%2Fwp%2Fv2%2Fmedia&parent=13202"}],"wp:term":[{"taxonomy":"category","embeddable":true,"href":"https:\/\/revistazetta.com\/index.php?rest_route=%2Fwp%2Fv2%2Fcategories&post=13202"},{"taxonomy":"post_tag","embeddable":true,"href":"https:\/\/revistazetta.com\/index.php?rest_route=%2Fwp%2Fv2%2Ftags&post=13202"}],"curies":[{"name":"wp","href":"https:\/\/api.w.org\/{rel}","templated":true}]}}