{"id":13203,"date":"2016-05-19T12:04:59","date_gmt":"2016-05-19T17:04:59","guid":{"rendered":"http:\/\/www.revistazetta.com\/?p=13203"},"modified":"2016-05-19T12:04:59","modified_gmt":"2016-05-19T17:04:59","slug":"llamado-importante-madres-lactantes-bolivar","status":"publish","type":"post","link":"https:\/\/revistazetta.com\/?p=13203","title":{"rendered":"Llamado importante a madres lactantes de Bol\u00edvar"},"content":{"rendered":"<p>En el D\u00eda Mundial de la Donaci\u00f3n de Leche Materna, la Gobernaci\u00f3n de Bol\u00edvar  hace un llamado para que las madres lactantes puedan donar y brindar ayuda a ni\u00f1os en situaciones de riesgo teniendo en cuenta que uno de los problemas m\u00e1s graves que vive la infancia en gran parte de la regi\u00f3n es la desnutrici\u00f3n.<\/p>\n<p>La Gobernaci\u00f3n junto con el Banco de leche humana de la Cl\u00ednica Maternidad Rafael Calvo, \u00fanico existente en la regi\u00f3n,  busca fomentar esta pr\u00e1ctica para que muchos ni\u00f1os prematuros que requieran de ese l\u00edquido vital puedan superar aquellas situaciones de cuidado que ponen en riesgo su salud.<\/p>\n<p>A las madres que  llegan al banco se les hace todo un procedimiento con todas las medidas de bioseguridad, con las respectivas pruebas y muestras de sangre que no tienen ning\u00fan costo. Una vez sea procesada esta leche y verificada se le administra a los ni\u00f1os prematuros.<\/p>\n<p>Alcira Castro, coordinadora departamental del Programa de Infancia y Lactancia Materna, destaca que \u201ces importante fomentar la donaci\u00f3n de leche materna en todos los sectores, por ello, un d\u00eda como hoy es muy relevante porque debe movilizar a todas las instituciones que trabajan en beneficio de la infancia y las madres lactantes\u201d.<\/p>\n<p>Ana Yepes Barreto, pediatra coordinadora del Banco de leche humana de la cl\u00ednica maternidad Rafael Calvo, sostiene \u201cEl principal beneficio lo obtienen los ni\u00f1os que se encuentran en la Unidad de Cuidados intensivos, sobre todo los prematuros y los de bajo peso, que requieren un aporte nutricional adecuado en los factores de defensa que tiene la leche materna\u201d<\/p>\n","protected":false},"excerpt":{"rendered":"<p>En el D\u00eda Mundial de la Donaci\u00f3n de Leche Materna, la Gobernaci\u00f3n de Bol\u00edvar hace un llamado para que las madres lactantes puedan donar y brindar ayuda a ni\u00f1os en situaciones de riesgo teniendo en cuenta que uno de los problemas m\u00e1s graves que vive la infancia en gran parte de la regi\u00f3n es la desnutrici\u00f3n. La Gobernaci\u00f3n junto con el Banco de leche humana de la Cl\u00ednica Maternidad Rafael Calvo, \u00fanico existente en la regi\u00f3n, busca fomentar esta pr\u00e1ctica para que muchos ni\u00f1os prematuros que requieran de ese l\u00edquido&#8230; <\/p>\n","protected":false},"author":3,"featured_media":13204,"comment_status":"open","ping_status":"closed","sticky":false,"template":"","format":"standard","meta":{"footnotes":"","_links_to":"","_links_to_target":""},"categories":[33,2],"tags":[],"class_list":["post-13203","post","type-post","status-publish","format-standard","has-post-thumbnail","hentry","category-actualidad-bolivar","category-actualidad"],"_links":{"self":[{"href":"https:\/\/revistazetta.com\/index.php?rest_route=\/wp\/v2\/posts\/13203","targetHints":{"allow":["GET"]}}],"collection":[{"href":"https:\/\/revistazetta.com\/index.php?rest_route=\/wp\/v2\/posts"}],"about":[{"href":"https:\/\/revistazetta.com\/index.php?rest_route=\/wp\/v2\/types\/post"}],"author":[{"embeddable":true,"href":"https:\/\/revistazetta.com\/index.php?rest_route=\/wp\/v2\/users\/3"}],"replies":[{"embeddable":true,"href":"https:\/\/revistazetta.com\/index.php?rest_route=%2Fwp%2Fv2%2Fcomments&post=13203"}],"version-history":[{"count":0,"href":"https:\/\/revistazetta.com\/index.php?rest_route=\/wp\/v2\/posts\/13203\/revisions"}],"wp:featuredmedia":[{"embeddable":true,"href":"https:\/\/revistazetta.com\/index.php?rest_route=\/wp\/v2\/media\/13204"}],"wp:attachment":[{"href":"https:\/\/revistazetta.com\/index.php?rest_route=%2Fwp%2Fv2%2Fmedia&parent=13203"}],"wp:term":[{"taxonomy":"category","embeddable":true,"href":"https:\/\/revistazetta.com\/index.php?rest_route=%2Fwp%2Fv2%2Fcategories&post=13203"},{"taxonomy":"post_tag","embeddable":true,"href":"https:\/\/revistazetta.com\/index.php?rest_route=%2Fwp%2Fv2%2Ftags&post=13203"}],"curies":[{"name":"wp","href":"https:\/\/api.w.org\/{rel}","templated":true}]}}