{"id":13205,"date":"2016-05-19T12:33:41","date_gmt":"2016-05-19T17:33:41","guid":{"rendered":"http:\/\/www.revistazetta.com\/?p=13205"},"modified":"2016-05-19T12:34:33","modified_gmt":"2016-05-19T17:34:33","slug":"seguimiento-adecuacion-obras-la-vuelta-colombia","status":"publish","type":"post","link":"https:\/\/revistazetta.com\/?p=13205","title":{"rendered":"Seguimiento a adecuaci\u00f3n de obras para la Vuelta a Colombia"},"content":{"rendered":"<p> Un equipo t\u00e9cnico de inspecci\u00f3n, en cabeza de la secretaria de infraestructura del departamento, Hortensia Borge, se desplaz\u00f3 al municipio El Carmen de Bol\u00edvar con el fin de hacer seguimiento a las obras que se vienen adecuando para el paso de de los ciclistas en la vuelta a Colombia.<\/p>\n<p>Las obras en materia vial que se est\u00e1n ejecutando en Bol\u00edvar para esta competencia cicl\u00edstica, la m\u00e1s importante del pa\u00eds, consisten en la adecuaci\u00f3n de la carpeta asf\u00e1ltica seg\u00fan los est\u00e1ndares de la Federaci\u00f3n Colombiana de Ciclismo.<\/p>\n<p><img loading=\"lazy\" decoding=\"async\" src=\"https:\/\/www.revistazetta.com\/wp-content\/uploads\/2016\/05\/VUELTA-COLOMBIA-1-300x187.jpg\" alt=\"VUELTA COLOMBIA 1\" width=\"300\" height=\"187\" class=\"alignleft size-medium wp-image-13206\" srcset=\"https:\/\/revistazetta.com\/wp-content\/uploads\/2016\/05\/VUELTA-COLOMBIA-1-300x187.jpg 300w, https:\/\/revistazetta.com\/wp-content\/uploads\/2016\/05\/VUELTA-COLOMBIA-1-234x146.jpg 234w, https:\/\/revistazetta.com\/wp-content\/uploads\/2016\/05\/VUELTA-COLOMBIA-1-50x31.jpg 50w, https:\/\/revistazetta.com\/wp-content\/uploads\/2016\/05\/VUELTA-COLOMBIA-1-120x75.jpg 120w, https:\/\/revistazetta.com\/wp-content\/uploads\/2016\/05\/VUELTA-COLOMBIA-1.jpg 570w\" sizes=\"auto, (max-width: 300px) 100vw, 300px\" \/><\/p>\n<p><img loading=\"lazy\" decoding=\"async\" src=\"https:\/\/www.revistazetta.com\/wp-content\/uploads\/2016\/05\/VUELTA-COLOMBIA-2-300x187.jpg\" alt=\"VUELTA COLOMBIA 2\" width=\"300\" height=\"187\" class=\"aligncenter size-medium wp-image-13207\" srcset=\"https:\/\/revistazetta.com\/wp-content\/uploads\/2016\/05\/VUELTA-COLOMBIA-2-300x187.jpg 300w, https:\/\/revistazetta.com\/wp-content\/uploads\/2016\/05\/VUELTA-COLOMBIA-2-234x146.jpg 234w, https:\/\/revistazetta.com\/wp-content\/uploads\/2016\/05\/VUELTA-COLOMBIA-2-50x31.jpg 50w, https:\/\/revistazetta.com\/wp-content\/uploads\/2016\/05\/VUELTA-COLOMBIA-2-120x75.jpg 120w, https:\/\/revistazetta.com\/wp-content\/uploads\/2016\/05\/VUELTA-COLOMBIA-2.jpg 570w\" sizes=\"auto, (max-width: 300px) 100vw, 300px\" \/><br \/>\nEl proceso de construcci\u00f3n de las v\u00edas comprende adem\u00e1s  la intervenci\u00f3n de 13 bulevares y la adecuaci\u00f3n de 1.4 kil\u00f3metros de malla vial en la Avenida Kennedy de este municipio.<\/p>\n<p>Dichas obras esperan poder concluirlas en tiempo record ya que solo contar\u00e1n con alrededor de dos semanas para su ejecuci\u00f3n. El Objetivo es que el 14 de junio est\u00e9n en las mejores condiciones para darle paso a los m\u00e1s de 170 ciclistas del pa\u00eds y el extranjero.<\/p>\n","protected":false},"excerpt":{"rendered":"<p>Un equipo t\u00e9cnico de inspecci\u00f3n, en cabeza de la secretaria de infraestructura del departamento, Hortensia Borge, se desplaz\u00f3 al municipio El Carmen de Bol\u00edvar con el fin de hacer seguimiento a las obras que se vienen adecuando para el paso de de los ciclistas en la vuelta a Colombia. Las obras en materia vial que se est\u00e1n ejecutando en Bol\u00edvar para esta competencia cicl\u00edstica, la m\u00e1s importante del pa\u00eds, consisten en la adecuaci\u00f3n de la carpeta asf\u00e1ltica seg\u00fan los est\u00e1ndares de la Federaci\u00f3n Colombiana de Ciclismo. El proceso de construcci\u00f3n&#8230; <\/p>\n","protected":false},"author":3,"featured_media":13208,"comment_status":"open","ping_status":"closed","sticky":false,"template":"","format":"standard","meta":{"footnotes":"","_links_to":"","_links_to_target":""},"categories":[53,33],"tags":[],"class_list":["post-13205","post","type-post","status-publish","format-standard","has-post-thumbnail","hentry","category-deportes","category-actualidad-bolivar"],"_links":{"self":[{"href":"https:\/\/revistazetta.com\/index.php?rest_route=\/wp\/v2\/posts\/13205","targetHints":{"allow":["GET"]}}],"collection":[{"href":"https:\/\/revistazetta.com\/index.php?rest_route=\/wp\/v2\/posts"}],"about":[{"href":"https:\/\/revistazetta.com\/index.php?rest_route=\/wp\/v2\/types\/post"}],"author":[{"embeddable":true,"href":"https:\/\/revistazetta.com\/index.php?rest_route=\/wp\/v2\/users\/3"}],"replies":[{"embeddable":true,"href":"https:\/\/revistazetta.com\/index.php?rest_route=%2Fwp%2Fv2%2Fcomments&post=13205"}],"version-history":[{"count":0,"href":"https:\/\/revistazetta.com\/index.php?rest_route=\/wp\/v2\/posts\/13205\/revisions"}],"wp:featuredmedia":[{"embeddable":true,"href":"https:\/\/revistazetta.com\/index.php?rest_route=\/wp\/v2\/media\/13208"}],"wp:attachment":[{"href":"https:\/\/revistazetta.com\/index.php?rest_route=%2Fwp%2Fv2%2Fmedia&parent=13205"}],"wp:term":[{"taxonomy":"category","embeddable":true,"href":"https:\/\/revistazetta.com\/index.php?rest_route=%2Fwp%2Fv2%2Fcategories&post=13205"},{"taxonomy":"post_tag","embeddable":true,"href":"https:\/\/revistazetta.com\/index.php?rest_route=%2Fwp%2Fv2%2Ftags&post=13205"}],"curies":[{"name":"wp","href":"https:\/\/api.w.org\/{rel}","templated":true}]}}