{"id":13225,"date":"2016-05-20T08:16:47","date_gmt":"2016-05-20T13:16:47","guid":{"rendered":"http:\/\/www.revistazetta.com\/?p=13225"},"modified":"2016-05-20T08:16:47","modified_gmt":"2016-05-20T13:16:47","slug":"cartilla-afro-transmitir-una-idea-mas-real-cartagena","status":"publish","type":"post","link":"https:\/\/revistazetta.com\/?p=13225","title":{"rendered":"Cartilla Afro para transmitir una idea m\u00e1s real de Cartagena"},"content":{"rendered":"<p>En el marco del mes dedicado a la Herencia Africana y con el inter\u00e9s porque se entienda mejor la historia y el aporte de los negros africanos a Cartagena de Indias, se realiz\u00f3 en el Centro de Formaci\u00f3n de la Cooperaci\u00f3n Espa\u00f1ola el lanzamiento de la primera Cartilla \u201cSitios de memoria de la esclavitud\u201d, una nueva herramienta para los gu\u00edas de turismo de la ciudad.<\/p>\n<p>El lanzamiento de la cartilla se hizo al cierre del Seminario Taller \u201cSitios de memoria de la esclavitud en Cartagena de Indias\u201d, con la presencia del Director de la Ruta del Esclavo-UNESCO, Ali Moussa; el Director de Planeaci\u00f3n de la Corporaci\u00f3n Turismo Cartagena de Indias (Corpoturismo), Irvin P\u00e9rez; la investigadora e integrante del Comit\u00e9 Cient\u00edfico Internacional (CCI), proyecto la Ruta del Esclavo-UNESCO, Claudia Mosquera; el economista e investigador Alberto Abello Vives; y la Directora del Centro de Formaci\u00f3n de la Cooperaci\u00f3n Espa\u00f1ola, Mercedes Fl\u00f3rez.<br \/>\n<img loading=\"lazy\" decoding=\"async\" src=\"https:\/\/www.revistazetta.com\/wp-content\/uploads\/2016\/05\/cartillas2-300x187.jpg\" alt=\"cartillas2\" width=\"300\" height=\"187\" class=\"aligncenter size-medium wp-image-13227\" srcset=\"https:\/\/revistazetta.com\/wp-content\/uploads\/2016\/05\/cartillas2-300x187.jpg 300w, https:\/\/revistazetta.com\/wp-content\/uploads\/2016\/05\/cartillas2-234x146.jpg 234w, https:\/\/revistazetta.com\/wp-content\/uploads\/2016\/05\/cartillas2-50x31.jpg 50w, https:\/\/revistazetta.com\/wp-content\/uploads\/2016\/05\/cartillas2-120x75.jpg 120w, https:\/\/revistazetta.com\/wp-content\/uploads\/2016\/05\/cartillas2.jpg 570w\" sizes=\"auto, (max-width: 300px) 100vw, 300px\" \/><br \/>\nLa nueva cartilla hace parte del proyecto de la UNESCO Ruta del esclavo: Resistencia, libertad, patrimonio, cuya finalidad es mostrar al mundo el fen\u00f3meno de la trata esclavista, sus causas, modalidades de ejecuci\u00f3n, as\u00ed como valorar su impacto, y promover el reconocimiento de elementos que den testimonio de la huella africana.<\/p>\n<p>\u201cEsperamos que a partir de este proceso y del contenido que encierra esta cartilla, los gu\u00edas de turismo de la ciudad puedan transferir a turistas y visitantes una idea m\u00e1s real de lo que ha sido el pasado de Cartagena de Indias\u201d, indic\u00f3 Mercedes Fl\u00f3rez, Directora del Centro de Formaci\u00f3n.<\/p>\n","protected":false},"excerpt":{"rendered":"<p>En el marco del mes dedicado a la Herencia Africana y con el inter\u00e9s porque se entienda mejor la historia y el aporte de los negros africanos a Cartagena de Indias, se realiz\u00f3 en el Centro de Formaci\u00f3n de la Cooperaci\u00f3n Espa\u00f1ola el lanzamiento de la primera Cartilla \u201cSitios de memoria de la esclavitud\u201d, una nueva herramienta para los gu\u00edas de turismo de la ciudad. El lanzamiento de la cartilla se hizo al cierre del Seminario Taller \u201cSitios de memoria de la esclavitud en Cartagena de Indias\u201d, con la presencia&#8230; <\/p>\n","protected":false},"author":3,"featured_media":13226,"comment_status":"open","ping_status":"closed","sticky":false,"template":"","format":"standard","meta":{"footnotes":"","_links_to":"","_links_to_target":""},"categories":[2,41,6],"tags":[],"class_list":["post-13225","post","type-post","status-publish","format-standard","has-post-thumbnail","hentry","category-actualidad","category-cultura","category-turismo"],"_links":{"self":[{"href":"https:\/\/revistazetta.com\/index.php?rest_route=\/wp\/v2\/posts\/13225","targetHints":{"allow":["GET"]}}],"collection":[{"href":"https:\/\/revistazetta.com\/index.php?rest_route=\/wp\/v2\/posts"}],"about":[{"href":"https:\/\/revistazetta.com\/index.php?rest_route=\/wp\/v2\/types\/post"}],"author":[{"embeddable":true,"href":"https:\/\/revistazetta.com\/index.php?rest_route=\/wp\/v2\/users\/3"}],"replies":[{"embeddable":true,"href":"https:\/\/revistazetta.com\/index.php?rest_route=%2Fwp%2Fv2%2Fcomments&post=13225"}],"version-history":[{"count":0,"href":"https:\/\/revistazetta.com\/index.php?rest_route=\/wp\/v2\/posts\/13225\/revisions"}],"wp:featuredmedia":[{"embeddable":true,"href":"https:\/\/revistazetta.com\/index.php?rest_route=\/wp\/v2\/media\/13226"}],"wp:attachment":[{"href":"https:\/\/revistazetta.com\/index.php?rest_route=%2Fwp%2Fv2%2Fmedia&parent=13225"}],"wp:term":[{"taxonomy":"category","embeddable":true,"href":"https:\/\/revistazetta.com\/index.php?rest_route=%2Fwp%2Fv2%2Fcategories&post=13225"},{"taxonomy":"post_tag","embeddable":true,"href":"https:\/\/revistazetta.com\/index.php?rest_route=%2Fwp%2Fv2%2Ftags&post=13225"}],"curies":[{"name":"wp","href":"https:\/\/api.w.org\/{rel}","templated":true}]}}