{"id":13421,"date":"2016-05-28T06:55:32","date_gmt":"2016-05-28T11:55:32","guid":{"rendered":"http:\/\/www.revistazetta.com\/?p=13421"},"modified":"2016-05-28T06:55:32","modified_gmt":"2016-05-28T11:55:32","slug":"inicia-capacitacion-uso-alarmas-comunitarias","status":"publish","type":"post","link":"https:\/\/revistazetta.com\/?p=13421","title":{"rendered":"Inicia capacitaci\u00f3n para el uso de Alarmas comunitarias"},"content":{"rendered":"<p>Los barrios Camilo Torres, Vista Hermosa y Olaya Herrera fueron los primero en recibir la capacitaci\u00f3n para el uso y manejo de alarmas comunitarias instaladas en barrios de Cartagena como medidas adoptadas por el Gobierno Distrital para mejorar la seguridad de las comunidades.<\/p>\n<p>A estas primeras charlas asistieron  los miembros del los frentes de seguridad para conocer de primera mano toda la descripci\u00f3n general de los equipos que a trav\u00e9s de Distriseguridad se est\u00e1n instalando, las situaciones que ameritan la activaci\u00f3n del sistema, y los procedimientos para usarlas de manera eficiente y \u00f3ptima.<\/p>\n<p>Durante la capacitaci\u00f3n se resalt\u00f3 la importancia de conocer los cuidados preventivos que se deben tener a la hora de manipular este equipo tecnol\u00f3gico que se instal\u00f3 en las viviendas de l\u00edderes comunales que han dicho s\u00ed al apoyo por la seguridad en Cartagena. <\/p>\n<p>Del mismo modo se enfatiz\u00f3 sobre lo que no se debe hacer con la alama como: Utilizar el artefacto para celebraciones de a\u00f1o nuevo, navidad, partidos de f\u00fatbol o cualquier otro deporte. El mal uso del sistema podr\u00eda acarrear medidas correctivas que podr\u00edan conllevar al retiro del sistema y sanciones a la comunidad.<\/p>\n<p>Las situaciones que ameritan la activaci\u00f3n del sistema son: Intentos de homicidio, robos, intentos de secuestro, sospechas contundentes de bombas explosivas en la comunidad, peleas de pandilla, tiroteo, ri\u00f1as callejeras o familiares con armas, afectaci\u00f3n del orden p\u00fablico. <\/p>\n<p>Lo que se busca con esta medida es mantener una conectividad directa entre la fuerza p\u00fablica y la comunidad, con el solo hecho de pulsar el activador inal\u00e1mbrico y que est\u00e1 activo las 24 horas del d\u00eda se podr\u00e1 emitir una se\u00f1al hasta el CAD del comando de la Polic\u00eda Nacional para que esta atienda la emergencia.<\/p>\n<p>\u201cPara el gobierno de primero la gente la seguridad es un tema prioritario, por ello trabajamos d\u00eda a d\u00eda para brindar apoyos y herramientas a las comunidades para que tambi\u00e9n se empoderen y todos podamos trabajar del mismo lado. Por eso, los invitamos a que se organicen en sus frentes de seguridad\u201d dijo el Director de Distriseguridad.<\/p>\n<p>\u201cNosotros en el barrio estamos muy contentos, nos organizamos, conformamos nuestro equipo de trabajo y desde ah\u00ed todos estamos pendientes de la seguridad, identificamos la calle y ya no pasan bandidos porque saben que los pillamos\u201d dijo una habitante del barrio Camilo Torres. <\/p>\n","protected":false},"excerpt":{"rendered":"<p>Los barrios Camilo Torres, Vista Hermosa y Olaya Herrera fueron los primero en recibir la capacitaci\u00f3n para el uso y manejo de alarmas comunitarias instaladas en barrios de Cartagena como medidas adoptadas por el Gobierno Distrital para mejorar la seguridad de las comunidades. A estas primeras charlas asistieron los miembros del los frentes de seguridad para conocer de primera mano toda la descripci\u00f3n general de los equipos que a trav\u00e9s de Distriseguridad se est\u00e1n instalando, las situaciones que ameritan la activaci\u00f3n del sistema, y los procedimientos para usarlas de manera&#8230; <\/p>\n","protected":false},"author":3,"featured_media":13434,"comment_status":"open","ping_status":"closed","sticky":false,"template":"","format":"standard","meta":{"footnotes":"","_links_to":"","_links_to_target":""},"categories":[32,88],"tags":[],"class_list":["post-13421","post","type-post","status-publish","format-standard","has-post-thumbnail","hentry","category-actualidad-distrito","category-seguridad"],"_links":{"self":[{"href":"https:\/\/revistazetta.com\/index.php?rest_route=\/wp\/v2\/posts\/13421","targetHints":{"allow":["GET"]}}],"collection":[{"href":"https:\/\/revistazetta.com\/index.php?rest_route=\/wp\/v2\/posts"}],"about":[{"href":"https:\/\/revistazetta.com\/index.php?rest_route=\/wp\/v2\/types\/post"}],"author":[{"embeddable":true,"href":"https:\/\/revistazetta.com\/index.php?rest_route=\/wp\/v2\/users\/3"}],"replies":[{"embeddable":true,"href":"https:\/\/revistazetta.com\/index.php?rest_route=%2Fwp%2Fv2%2Fcomments&post=13421"}],"version-history":[{"count":0,"href":"https:\/\/revistazetta.com\/index.php?rest_route=\/wp\/v2\/posts\/13421\/revisions"}],"wp:featuredmedia":[{"embeddable":true,"href":"https:\/\/revistazetta.com\/index.php?rest_route=\/wp\/v2\/media\/13434"}],"wp:attachment":[{"href":"https:\/\/revistazetta.com\/index.php?rest_route=%2Fwp%2Fv2%2Fmedia&parent=13421"}],"wp:term":[{"taxonomy":"category","embeddable":true,"href":"https:\/\/revistazetta.com\/index.php?rest_route=%2Fwp%2Fv2%2Fcategories&post=13421"},{"taxonomy":"post_tag","embeddable":true,"href":"https:\/\/revistazetta.com\/index.php?rest_route=%2Fwp%2Fv2%2Ftags&post=13421"}],"curies":[{"name":"wp","href":"https:\/\/api.w.org\/{rel}","templated":true}]}}