{"id":13425,"date":"2016-05-28T06:41:41","date_gmt":"2016-05-28T11:41:41","guid":{"rendered":"http:\/\/www.revistazetta.com\/?p=13425"},"modified":"2016-05-28T06:41:41","modified_gmt":"2016-05-28T11:41:41","slug":"segunda-sesion-la-miaf-la-garantia-derechos-la-infancia-la-adolescencia","status":"publish","type":"post","link":"https:\/\/revistazetta.com\/?p=13425","title":{"rendered":"Segunda sesi\u00f3n de la MIAF para la garant\u00eda de derechos de la infancia y la adolescencia"},"content":{"rendered":"<p>\nEl Secretario de Salud departamental, Luis Bienvenido Padilla Sierra, convoc\u00f3 a la segunda sesi\u00f3n de la Mesa de infancia, adolescencia y familia \u2013 MIAF- de Bol\u00edvar en la que se cont\u00f3 con la asistencia de representantes de la Comisar\u00eda de Bol\u00edvar, de la Polic\u00eda de Infancia y Adolescencia, de SINERGIAS,  ni\u00f1os, ni\u00f1as y adolescentes y del ICBF.<\/p>\n<p>La MIAF como \u00f3rgano consultivo y participativo tiene dentro de sus objetivos coordinar, impulsar y promover pol\u00edticas de infancia dentro del Departamento de Bol\u00edvar y con ello, incidir en las decisiones sociales, pol\u00edticas, t\u00e9cnicas, administrativas y financieras para la garant\u00eda de los derechos de la infancia y la adolescencia.<\/p>\n<p><img loading=\"lazy\" decoding=\"async\" src=\"https:\/\/www.revistazetta.com\/wp-content\/uploads\/2016\/05\/MIAF2-300x187.jpg\" alt=\"MIAF2\" width=\"300\" height=\"187\" class=\"alignright size-medium wp-image-13429\" srcset=\"https:\/\/revistazetta.com\/wp-content\/uploads\/2016\/05\/MIAF2-300x187.jpg 300w, https:\/\/revistazetta.com\/wp-content\/uploads\/2016\/05\/MIAF2-234x146.jpg 234w, https:\/\/revistazetta.com\/wp-content\/uploads\/2016\/05\/MIAF2-50x31.jpg 50w, https:\/\/revistazetta.com\/wp-content\/uploads\/2016\/05\/MIAF2-120x75.jpg 120w, https:\/\/revistazetta.com\/wp-content\/uploads\/2016\/05\/MIAF2.jpg 570w\" sizes=\"auto, (max-width: 300px) 100vw, 300px\" \/><\/p>\n<p><img loading=\"lazy\" decoding=\"async\" src=\"https:\/\/www.revistazetta.com\/wp-content\/uploads\/2016\/05\/MIAF3-300x187.jpg\" alt=\"MIAF3\" width=\"300\" height=\"187\" class=\"alignright size-medium wp-image-13430\" srcset=\"https:\/\/revistazetta.com\/wp-content\/uploads\/2016\/05\/MIAF3-300x187.jpg 300w, https:\/\/revistazetta.com\/wp-content\/uploads\/2016\/05\/MIAF3-234x146.jpg 234w, https:\/\/revistazetta.com\/wp-content\/uploads\/2016\/05\/MIAF3-50x31.jpg 50w, https:\/\/revistazetta.com\/wp-content\/uploads\/2016\/05\/MIAF3-120x75.jpg 120w, https:\/\/revistazetta.com\/wp-content\/uploads\/2016\/05\/MIAF3.jpg 570w\" sizes=\"auto, (max-width: 300px) 100vw, 300px\" \/><\/p>\n<p>La mesa est\u00e1 en el marco del Decreto 268 del 2014 que establece el concejo de pol\u00edtica social de la Gobernaci\u00f3n de Bol\u00edvar con la socializaci\u00f3n de un proyecto de Erradicaci\u00f3n del Trabajo Infantil, socializaci\u00f3n del proyecto de Ludotecas Infantiles desde la direcci\u00f3n de Desarrollo Social y el proyecto de Instituciones Amigas de la Mujer y la Infancia de la Secretar\u00eda de Salud, que busca implementar la estrategia en 8 municipio priorizados logrando finalmente la certificaci\u00f3n de las empresas sociales del estado como instituciones amigas de la mujer y la infancia en el marco de una estrategia que busca disminuir la morbimortalidad materna infantil.<\/p>\n<p><img loading=\"lazy\" decoding=\"async\" src=\"https:\/\/www.revistazetta.com\/wp-content\/uploads\/2016\/05\/MIAF6-300x187.jpg\" alt=\"MIAF6\" width=\"300\" height=\"187\" class=\"alignright size-medium wp-image-13431\" srcset=\"https:\/\/revistazetta.com\/wp-content\/uploads\/2016\/05\/MIAF6-300x187.jpg 300w, https:\/\/revistazetta.com\/wp-content\/uploads\/2016\/05\/MIAF6-234x146.jpg 234w, https:\/\/revistazetta.com\/wp-content\/uploads\/2016\/05\/MIAF6-50x31.jpg 50w, https:\/\/revistazetta.com\/wp-content\/uploads\/2016\/05\/MIAF6-120x75.jpg 120w, https:\/\/revistazetta.com\/wp-content\/uploads\/2016\/05\/MIAF6.jpg 570w\" sizes=\"auto, (max-width: 300px) 100vw, 300px\" \/><\/p>\n<p><img loading=\"lazy\" decoding=\"async\" src=\"https:\/\/www.revistazetta.com\/wp-content\/uploads\/2016\/05\/MIAF7-300x187.jpg\" alt=\"MIAF7\" width=\"300\" height=\"187\" class=\"alignright size-medium wp-image-13432\" srcset=\"https:\/\/revistazetta.com\/wp-content\/uploads\/2016\/05\/MIAF7-300x187.jpg 300w, https:\/\/revistazetta.com\/wp-content\/uploads\/2016\/05\/MIAF7-234x146.jpg 234w, https:\/\/revistazetta.com\/wp-content\/uploads\/2016\/05\/MIAF7-50x31.jpg 50w, https:\/\/revistazetta.com\/wp-content\/uploads\/2016\/05\/MIAF7-120x75.jpg 120w, https:\/\/revistazetta.com\/wp-content\/uploads\/2016\/05\/MIAF7.jpg 570w\" sizes=\"auto, (max-width: 300px) 100vw, 300px\" \/><\/p>\n<p>La funcionaria de ICBF, Mar\u00eda del Rosario Blanco, como secretaria t\u00e9cnica de la mesa, afirma que estas mesas de trabajo buscan generar un espacio de desarrollo t\u00e9cnico que les permita a los integrantes colocar en la agenda p\u00fablica las situaciones que vienen afectando a la primera infancia, adolescentes y las familias. \u201cEn el d\u00eda de hoy se toc\u00f3 temas muy importantes que tiene que ver con las acciones que desarrollar\u00e1 el departamento, la Gobernaci\u00f3n en esta nueva administraci\u00f3n, frente al problema de erradicaci\u00f3n del trabajo infantil que est\u00e1  afectando al Departamento de Bol\u00edvar\u201d.<\/p>\n","protected":false},"excerpt":{"rendered":"<p>El Secretario de Salud departamental, Luis Bienvenido Padilla Sierra, convoc\u00f3 a la segunda sesi\u00f3n de la Mesa de infancia, adolescencia y familia \u2013 MIAF- de Bol\u00edvar en la que se cont\u00f3 con la asistencia de representantes de la Comisar\u00eda de Bol\u00edvar, de la Polic\u00eda de Infancia y Adolescencia, de SINERGIAS, ni\u00f1os, ni\u00f1as y adolescentes y del ICBF. La MIAF como \u00f3rgano consultivo y participativo tiene dentro de sus objetivos coordinar, impulsar y promover pol\u00edticas de infancia dentro del Departamento de Bol\u00edvar y con ello, incidir en las decisiones sociales, pol\u00edticas,&#8230; <\/p>\n","protected":false},"author":3,"featured_media":13433,"comment_status":"open","ping_status":"closed","sticky":false,"template":"","format":"standard","meta":{"footnotes":"","_links_to":"","_links_to_target":""},"categories":[33],"tags":[],"class_list":["post-13425","post","type-post","status-publish","format-standard","has-post-thumbnail","hentry","category-actualidad-bolivar"],"_links":{"self":[{"href":"https:\/\/revistazetta.com\/index.php?rest_route=\/wp\/v2\/posts\/13425","targetHints":{"allow":["GET"]}}],"collection":[{"href":"https:\/\/revistazetta.com\/index.php?rest_route=\/wp\/v2\/posts"}],"about":[{"href":"https:\/\/revistazetta.com\/index.php?rest_route=\/wp\/v2\/types\/post"}],"author":[{"embeddable":true,"href":"https:\/\/revistazetta.com\/index.php?rest_route=\/wp\/v2\/users\/3"}],"replies":[{"embeddable":true,"href":"https:\/\/revistazetta.com\/index.php?rest_route=%2Fwp%2Fv2%2Fcomments&post=13425"}],"version-history":[{"count":0,"href":"https:\/\/revistazetta.com\/index.php?rest_route=\/wp\/v2\/posts\/13425\/revisions"}],"wp:featuredmedia":[{"embeddable":true,"href":"https:\/\/revistazetta.com\/index.php?rest_route=\/wp\/v2\/media\/13433"}],"wp:attachment":[{"href":"https:\/\/revistazetta.com\/index.php?rest_route=%2Fwp%2Fv2%2Fmedia&parent=13425"}],"wp:term":[{"taxonomy":"category","embeddable":true,"href":"https:\/\/revistazetta.com\/index.php?rest_route=%2Fwp%2Fv2%2Fcategories&post=13425"},{"taxonomy":"post_tag","embeddable":true,"href":"https:\/\/revistazetta.com\/index.php?rest_route=%2Fwp%2Fv2%2Ftags&post=13425"}],"curies":[{"name":"wp","href":"https:\/\/api.w.org\/{rel}","templated":true}]}}