{"id":13641,"date":"2016-06-07T19:40:16","date_gmt":"2016-06-08T00:40:16","guid":{"rendered":"http:\/\/www.revistazetta.com\/?p=13641"},"modified":"2016-06-07T19:40:16","modified_gmt":"2016-06-08T00:40:16","slug":"se-aprueba-plan-proteger-entorno-colegios-distritales","status":"publish","type":"post","link":"https:\/\/revistazetta.com\/?p=13641","title":{"rendered":"Se aprueba plan para proteger entorno de colegios distritales"},"content":{"rendered":"<p>Con el prop\u00f3sito de prevenir venta de alucin\u00f3genos, hurtos y riesgos a la integridad f\u00edsica de los estudiantes del distrito, la alcald\u00eda aprob\u00f3 un riguroso plan de protecci\u00f3n al entorno educativo.<\/p>\n<p>Para ello se desarrollar\u00e1 de inmediato acciones combinadas de distintas dependencias, en coordinaci\u00f3n con la Secretar\u00eda de Educaci\u00f3n Distrital. \u201cNo vamos a permitir que nuestros alumnos sean v\u00edctimas de la delincuencia\u201d, declar\u00f3 el secretario de Educaci\u00f3n Distrital, Germ\u00e1n Sierra Anaya.<\/p>\n<p>El funcionario recibi\u00f3 instrucciones para coordinar acciones inmediatas con la Secretar\u00eda del Interior, Polic\u00eda, Datt, EPA, Infraestructura, Ider e IPCC, con el fin de brindar un bloque de apoyo a los estudiantes cartageneros.<\/p>\n<p>Advirti\u00f3 que las acciones directas para encarar a la delincuencia corresponden a la Polic\u00eda, pero se adelantar\u00e1n otro tipo de actuaciones para blindar el entorno acad\u00e9mico.<\/p>\n<p>\u201cLotes enmontados contiguos a los colegios son ejemplo de lugares que aprovechan delincuentes para acechar al alumnado, y debemos actuar conjuntamente para eliminar esos focos\u201d, explic\u00f3 el Secretario de Educaci\u00f3n.<\/p>\n","protected":false},"excerpt":{"rendered":"<p>Con el prop\u00f3sito de prevenir venta de alucin\u00f3genos, hurtos y riesgos a la integridad f\u00edsica de los estudiantes del distrito, la alcald\u00eda aprob\u00f3 un riguroso plan de protecci\u00f3n al entorno educativo. Para ello se desarrollar\u00e1 de inmediato acciones combinadas de distintas dependencias, en coordinaci\u00f3n con la Secretar\u00eda de Educaci\u00f3n Distrital. \u201cNo vamos a permitir que nuestros alumnos sean v\u00edctimas de la delincuencia\u201d, declar\u00f3 el secretario de Educaci\u00f3n Distrital, Germ\u00e1n Sierra Anaya. El funcionario recibi\u00f3 instrucciones para coordinar acciones inmediatas con la Secretar\u00eda del Interior, Polic\u00eda, Datt, EPA, Infraestructura, Ider e&#8230; <\/p>\n","protected":false},"author":3,"featured_media":13643,"comment_status":"open","ping_status":"closed","sticky":false,"template":"","format":"standard","meta":{"footnotes":"","_links_to":"","_links_to_target":""},"categories":[32,88],"tags":[],"class_list":["post-13641","post","type-post","status-publish","format-standard","has-post-thumbnail","hentry","category-actualidad-distrito","category-seguridad"],"_links":{"self":[{"href":"https:\/\/revistazetta.com\/index.php?rest_route=\/wp\/v2\/posts\/13641","targetHints":{"allow":["GET"]}}],"collection":[{"href":"https:\/\/revistazetta.com\/index.php?rest_route=\/wp\/v2\/posts"}],"about":[{"href":"https:\/\/revistazetta.com\/index.php?rest_route=\/wp\/v2\/types\/post"}],"author":[{"embeddable":true,"href":"https:\/\/revistazetta.com\/index.php?rest_route=\/wp\/v2\/users\/3"}],"replies":[{"embeddable":true,"href":"https:\/\/revistazetta.com\/index.php?rest_route=%2Fwp%2Fv2%2Fcomments&post=13641"}],"version-history":[{"count":0,"href":"https:\/\/revistazetta.com\/index.php?rest_route=\/wp\/v2\/posts\/13641\/revisions"}],"wp:featuredmedia":[{"embeddable":true,"href":"https:\/\/revistazetta.com\/index.php?rest_route=\/wp\/v2\/media\/13643"}],"wp:attachment":[{"href":"https:\/\/revistazetta.com\/index.php?rest_route=%2Fwp%2Fv2%2Fmedia&parent=13641"}],"wp:term":[{"taxonomy":"category","embeddable":true,"href":"https:\/\/revistazetta.com\/index.php?rest_route=%2Fwp%2Fv2%2Fcategories&post=13641"},{"taxonomy":"post_tag","embeddable":true,"href":"https:\/\/revistazetta.com\/index.php?rest_route=%2Fwp%2Fv2%2Ftags&post=13641"}],"curies":[{"name":"wp","href":"https:\/\/api.w.org\/{rel}","templated":true}]}}