{"id":13642,"date":"2016-06-07T20:00:42","date_gmt":"2016-06-08T01:00:42","guid":{"rendered":"http:\/\/www.revistazetta.com\/?p=13642"},"modified":"2016-06-07T20:00:42","modified_gmt":"2016-06-08T01:00:42","slug":"encuentro-nacional-del-adulto-mayor-sera-bolivar","status":"publish","type":"post","link":"https:\/\/revistazetta.com\/?p=13642","title":{"rendered":"Encuentro nacional del adulto mayor ser\u00e1 en Bol\u00edvar"},"content":{"rendered":"<p>El departamento de Bol\u00edvar ha sido escogido por Coldeportes como sede para la versi\u00f3n XVII del encuentro del adulto mayor, un encuentro que busca abrir un espacio para la recreaci\u00f3n y la diversidad cultural, del 26 al 30 de septiembre de 2016.<\/p>\n<p>Este evento contar\u00e1 con una importante muestra art\u00edstica y cultural por parte de los adultos mayores, en donde tendr\u00e1n a M\u00e9xico, por pa\u00eds invitado.<br \/>\n<img loading=\"lazy\" decoding=\"async\" src=\"https:\/\/www.revistazetta.com\/wp-content\/uploads\/2016\/06\/EAM2-300x187.jpg\" alt=\"EAM2\" width=\"300\" height=\"187\" class=\"alignleft size-medium wp-image-13647\" srcset=\"https:\/\/revistazetta.com\/wp-content\/uploads\/2016\/06\/EAM2-300x187.jpg 300w, https:\/\/revistazetta.com\/wp-content\/uploads\/2016\/06\/EAM2-234x146.jpg 234w, https:\/\/revistazetta.com\/wp-content\/uploads\/2016\/06\/EAM2-50x31.jpg 50w, https:\/\/revistazetta.com\/wp-content\/uploads\/2016\/06\/EAM2-120x75.jpg 120w, https:\/\/revistazetta.com\/wp-content\/uploads\/2016\/06\/EAM2.jpg 570w\" sizes=\"auto, (max-width: 300px) 100vw, 300px\" \/><\/p>\n<p><img loading=\"lazy\" decoding=\"async\" src=\"https:\/\/www.revistazetta.com\/wp-content\/uploads\/2016\/06\/EAM1-300x187.jpg\" alt=\"EAM1\" width=\"300\" height=\"187\" class=\"alignleft size-medium wp-image-13646\" srcset=\"https:\/\/revistazetta.com\/wp-content\/uploads\/2016\/06\/EAM1-300x187.jpg 300w, https:\/\/revistazetta.com\/wp-content\/uploads\/2016\/06\/EAM1-234x146.jpg 234w, https:\/\/revistazetta.com\/wp-content\/uploads\/2016\/06\/EAM1-50x31.jpg 50w, https:\/\/revistazetta.com\/wp-content\/uploads\/2016\/06\/EAM1-120x75.jpg 120w, https:\/\/revistazetta.com\/wp-content\/uploads\/2016\/06\/EAM1.jpg 570w\" sizes=\"auto, (max-width: 300px) 100vw, 300px\" \/><\/p>\n<p> \u201cLa raz\u00f3n que tiene Coldeportes para regresar despu\u00e9s de 10 a\u00f1os, es el sentido de pertenencia que vimos en el gobernador Dumek Turbay con el deporte y la recreaci\u00f3n, la entrega, el inter\u00e9s y la sensibilidad en lo referente al adulto mayor\u201d, afirm\u00f3 Patricia C\u00e1rdenas, coordinadora de recreaci\u00f3n de Coldeportes.<\/p>\n<p>\u201cPara nosotros es un mensaje muy importante que Coldeportes haya escogido el departamento de Bol\u00edvar, como sede nacional del encuentro del adulto mayor. <\/p>\n<p>Esta escogencia se debe en gran medida al reconocimiento que hace Coldeportes al liderazgo del Gobernador, porque tuvo la oportunidad de trabajar de la mano con ellos\u201d, destac\u00f3 Jackeline Howard, directora de Desarrollo Social de la Gobernaci\u00f3n de Bol\u00edvar. <\/p>\n","protected":false},"excerpt":{"rendered":"<p>El departamento de Bol\u00edvar ha sido escogido por Coldeportes como sede para la versi\u00f3n XVII del encuentro del adulto mayor, un encuentro que busca abrir un espacio para la recreaci\u00f3n y la diversidad cultural, del 26 al 30 de septiembre de 2016. Este evento contar\u00e1 con una importante muestra art\u00edstica y cultural por parte de los adultos mayores, en donde tendr\u00e1n a M\u00e9xico, por pa\u00eds invitado. \u201cLa raz\u00f3n que tiene Coldeportes para regresar despu\u00e9s de 10 a\u00f1os, es el sentido de pertenencia que vimos en el gobernador Dumek Turbay con&#8230; <\/p>\n","protected":false},"author":3,"featured_media":13645,"comment_status":"open","ping_status":"closed","sticky":false,"template":"","format":"standard","meta":{"footnotes":"","_links_to":"","_links_to_target":""},"categories":[33,53],"tags":[],"class_list":["post-13642","post","type-post","status-publish","format-standard","has-post-thumbnail","hentry","category-actualidad-bolivar","category-deportes"],"_links":{"self":[{"href":"https:\/\/revistazetta.com\/index.php?rest_route=\/wp\/v2\/posts\/13642","targetHints":{"allow":["GET"]}}],"collection":[{"href":"https:\/\/revistazetta.com\/index.php?rest_route=\/wp\/v2\/posts"}],"about":[{"href":"https:\/\/revistazetta.com\/index.php?rest_route=\/wp\/v2\/types\/post"}],"author":[{"embeddable":true,"href":"https:\/\/revistazetta.com\/index.php?rest_route=\/wp\/v2\/users\/3"}],"replies":[{"embeddable":true,"href":"https:\/\/revistazetta.com\/index.php?rest_route=%2Fwp%2Fv2%2Fcomments&post=13642"}],"version-history":[{"count":0,"href":"https:\/\/revistazetta.com\/index.php?rest_route=\/wp\/v2\/posts\/13642\/revisions"}],"wp:featuredmedia":[{"embeddable":true,"href":"https:\/\/revistazetta.com\/index.php?rest_route=\/wp\/v2\/media\/13645"}],"wp:attachment":[{"href":"https:\/\/revistazetta.com\/index.php?rest_route=%2Fwp%2Fv2%2Fmedia&parent=13642"}],"wp:term":[{"taxonomy":"category","embeddable":true,"href":"https:\/\/revistazetta.com\/index.php?rest_route=%2Fwp%2Fv2%2Fcategories&post=13642"},{"taxonomy":"post_tag","embeddable":true,"href":"https:\/\/revistazetta.com\/index.php?rest_route=%2Fwp%2Fv2%2Ftags&post=13642"}],"curies":[{"name":"wp","href":"https:\/\/api.w.org\/{rel}","templated":true}]}}