{"id":13660,"date":"2016-06-08T14:49:19","date_gmt":"2016-06-08T19:49:19","guid":{"rendered":"http:\/\/www.revistazetta.com\/?p=13660"},"modified":"2016-06-08T14:54:47","modified_gmt":"2016-06-08T19:54:47","slug":"gran-final-del-fesival-danza-urbana-heroica-urban-dance","status":"publish","type":"post","link":"https:\/\/revistazetta.com\/?p=13660","title":{"rendered":"Gran final del Fesival de Danza Urbana Heroica Urban Dance"},"content":{"rendered":"<p>El pr\u00f3ximo viernes 10 de junio en el Teatro Adolfo Mej\u00eda a  partir de las 6 de la tarde m\u00e1s de 300 bailarines de los barrios de Cartagena har\u00e1n parte de la semifinal del primer Festival Heroica Urban Dance, la  iniciativa del Alcalde Manolo Duque creada con el fin de visibilizar el talento local y de iniciar un proceso de formaci\u00f3n con los j\u00f3venes participantes.<\/p>\n<p>Al evento,  liderado por el  Secretar\u00edo del Interior, Fernando Ni\u00f1o Mendoza y la Directora del Instituto de Patrimonio y Cultura Bertha Luc\u00eda Arnedo,  est\u00e1n invitados empresarios, los diferentes gremios de la ciudad y el sector cultural. \u00abSer\u00e1 un evento incluyente donde todos nos reuniremos no s\u00f3lo a disfrutar de la danza sino a unir lazos que necesita el tejido social de la ciudad\u201d,  afirma el Secretario del Interior\u00bb,  Fernando Ni\u00f1o.<\/p>\n<p> \u201cEste Festival hace parte de los diferentes frentes de trabajo que estamos haciendo con los j\u00f3venes de Cartagena. Desde el deporte, el cine, el medio ambiente, la formaci\u00f3n en valores y la b\u00fasqueda de oportunidades estamos seguro que afrontamos parte de los problemas que hoy agobian nuestra juventud\u201d, recalca el Alcalde.<\/p>\n<p> \u201cEl pasado 21 de mayo en el Coliseo Norto Madrid logramos convocar a 43 agrupaciones de danza urbana; casi 800 j\u00f3venes de los barrios de la ciudad. Ah\u00ed se seleccionaron las 15 mejores, que luego presentamos en las tres localidades durante la celebraci\u00f3n 483 de la fundaci\u00f3n de Cartagena. Este viernes se seleccionar\u00e1n las cinco mejores para que hagan parte de una serie de eventos y capacitaciones que estamos programando. <\/p>\n<p>El primero de ellos el lanzamiento de las Fiestas de  Independencia\u201d,  explica Bertha Arnedo, Directora del IPCC.<br \/>\n Los grupos que se presentar\u00e1n el viernes son:<\/p>\n<p><strong>1. Pandora dance<br \/>\n2. A.D Crew<br \/>\n3. Somos dance<br \/>\n4. Paso de superaci\u00f3n<br \/>\n5. Four stile<br \/>\n6. Urban brother<br \/>\n7. Young dance<br \/>\n8. Tales crew<br \/>\n9. Feeling beet<br \/>\n10. Talento callejero<br \/>\n11. Boy flawor<br \/>\n12. Danza negra<br \/>\n13. Swing latino<br \/>\n14. Diosman Dance<br \/>\n15. All Afrik<\/strong><\/p>\n<p>Los cinco mejores grupos de estos 15 se presentar\u00e1n en el lanzamiento de las Fiestas de Independencia el pr\u00f3ximo 17 de junio.<\/p>\n<p>Quienes obtengan el primer lugar ganar\u00e1n dos millones de pesos, el segundo lugar un mill\u00f3n de pesos y el tercer puesto quinientos mil pesos.<\/p>\n<p>Igualmente las agrupaciones ganadoras har\u00e1n parte de un proceso de formaci\u00f3n que incluye emprenderismo y capacitaci\u00f3n en t\u00e9cnicas art\u00edsticas que les permitir\u00e1 mejorar sus propuestas de danza.<\/p>\n<p>El jurado encargado de los ganadores Alexa Roa, directora del Ballet Decamer\u00f3n; Lobadys P\u00e9rez, experto en Danzas Urbanas; y Jaime Bustmante consejero del \u00e1rea art\u00edstica de Danza de Cartagena.<\/p>\n","protected":false},"excerpt":{"rendered":"<p>El pr\u00f3ximo viernes 10 de junio en el Teatro Adolfo Mej\u00eda a partir de las 6 de la tarde m\u00e1s de 300 bailarines de los barrios de Cartagena har\u00e1n parte de la semifinal del primer Festival Heroica Urban Dance, la iniciativa del Alcalde Manolo Duque creada con el fin de visibilizar el talento local y de iniciar un proceso de formaci\u00f3n con los j\u00f3venes participantes. Al evento, liderado por el Secretar\u00edo del Interior, Fernando Ni\u00f1o Mendoza y la Directora del Instituto de Patrimonio y Cultura Bertha Luc\u00eda Arnedo, est\u00e1n invitados&#8230; <\/p>\n","protected":false},"author":3,"featured_media":0,"comment_status":"open","ping_status":"closed","sticky":false,"template":"","format":"standard","meta":{"footnotes":"","_links_to":"","_links_to_target":""},"categories":[32,41],"tags":[],"class_list":["post-13660","post","type-post","status-publish","format-standard","hentry","category-actualidad-distrito","category-cultura"],"_links":{"self":[{"href":"https:\/\/revistazetta.com\/index.php?rest_route=\/wp\/v2\/posts\/13660","targetHints":{"allow":["GET"]}}],"collection":[{"href":"https:\/\/revistazetta.com\/index.php?rest_route=\/wp\/v2\/posts"}],"about":[{"href":"https:\/\/revistazetta.com\/index.php?rest_route=\/wp\/v2\/types\/post"}],"author":[{"embeddable":true,"href":"https:\/\/revistazetta.com\/index.php?rest_route=\/wp\/v2\/users\/3"}],"replies":[{"embeddable":true,"href":"https:\/\/revistazetta.com\/index.php?rest_route=%2Fwp%2Fv2%2Fcomments&post=13660"}],"version-history":[{"count":0,"href":"https:\/\/revistazetta.com\/index.php?rest_route=\/wp\/v2\/posts\/13660\/revisions"}],"wp:attachment":[{"href":"https:\/\/revistazetta.com\/index.php?rest_route=%2Fwp%2Fv2%2Fmedia&parent=13660"}],"wp:term":[{"taxonomy":"category","embeddable":true,"href":"https:\/\/revistazetta.com\/index.php?rest_route=%2Fwp%2Fv2%2Fcategories&post=13660"},{"taxonomy":"post_tag","embeddable":true,"href":"https:\/\/revistazetta.com\/index.php?rest_route=%2Fwp%2Fv2%2Ftags&post=13660"}],"curies":[{"name":"wp","href":"https:\/\/api.w.org\/{rel}","templated":true}]}}