{"id":13669,"date":"2016-06-09T05:34:04","date_gmt":"2016-06-09T10:34:04","guid":{"rendered":"http:\/\/www.revistazetta.com\/?p=13669"},"modified":"2016-06-09T05:34:04","modified_gmt":"2016-06-09T10:34:04","slug":"domingo-inicia-ruta-pre-troncal-la-variante","status":"publish","type":"post","link":"https:\/\/revistazetta.com\/?p=13669","title":{"rendered":"El domingo inicia ruta pre troncal de La Variante"},"content":{"rendered":"<p>Desde este domingo 12 de Junio, se activar\u00e1 la nueva ruta de Transcaribe denominada La Variante, as\u00ed lo confirm\u00f3 Humberto Ripoll Durango, gerente del Sistema Integrado de Transporte Masivo, SITM, luego de una reuni\u00f3n con personal del Datt, los consorcios Sotramac, Transambiental y Colcard.<\/p>\n<p>Manifest\u00f3 que la nueva ruta pre troncal iniciar\u00e1 su recorrido desde la misma Variante, frente al Cementerio Jardines de Paz, a la salida de Turbaco y de all\u00ed seguir\u00e1 en l\u00ednea recta hasta el sector Santa Luc\u00eda (Ronda Real) doblando por la izquierda para tomar la avenida Pedro de Heredia y realizar su primera parada en la estaci\u00f3n La Castellana y seguir su recorrido hasta concluir en La Bodeguita.<\/p>\n<p>Ripoll Durango, explic\u00f3 que de esta manera desaparece la llamada Ruta 24, la cual cuenta actualmente con unos 95 buses del transporte p\u00fablico corriente, para dar paso a la nueva ruta pre troncal de Transcaribe, que llegar\u00e1 con 20 buses tipo padr\u00f3n.<\/p>\n<p>\u201cEllo va a mejorar la movilidad porque saldr\u00e1 de circulaci\u00f3n esa cantidad de automotores, lo que permitir\u00e1 agilizar los recorridos en diferentes sectores de la ciudad por donde hoy transitan\u201d, sostuvo.<\/p>\n<p>As\u00ed mismo anunci\u00f3 que una semana despu\u00e9s de la activaci\u00f3n de esta, tambi\u00e9n ser\u00e1 habilitada la ruta pre troncal al sector tur\u00edstico de Bocagrande que llegar\u00e1 con otros 20 buses de la tipolog\u00eda padrones, a partir del domingo 19 de junio.<br \/>\n<strong><br \/>\n PARADEROS<\/strong><br \/>\nSentido Variante \u2013 Centro:<br \/>\nPuente Variante, Bah\u00eda antes del puente peatonal, frente de Cervecer\u00eda \u00c1guila, Centro Comercial e Industrial Ternera, urbanizaci\u00f3n La Princesa, hotel Cartagena Confort (frente la c\u00e1rcel), Centro Comercial San Fernando, bodega El Tabl\u00f3n, frente al Cementerio Jardines de Cartagena (eventos Angie), frente al parque de Santa M\u00f3nica, almac\u00e9n El Campesino y Centro Comercial Santa Luc\u00eda.<\/p>\n<p>  <strong>Sentido Centro \u2013 Variante:<\/strong><br \/>\nSurtimarcas (Ronda Real), Droguer\u00eda Botica (antes del sem\u00e1foro de Sao), Centro Comercial La Plazuela (Sao),  Parque de Santa M\u00f3nica, Cementerio Jardines de Cartagena, conjunto residencial La Bonguita, Construpopular (edificio Portal del Caribe), Bienestar Social de la Polic\u00eda, entrada al barrio Sim\u00f3n Bol\u00edvar, entrada a la Universidad Tecnol\u00f3gica de Bol\u00edvar y entrada al barrio El Rodeo.<\/p>\n","protected":false},"excerpt":{"rendered":"<p>Desde este domingo 12 de Junio, se activar\u00e1 la nueva ruta de Transcaribe denominada La Variante, as\u00ed lo confirm\u00f3 Humberto Ripoll Durango, gerente del Sistema Integrado de Transporte Masivo, SITM, luego de una reuni\u00f3n con personal del Datt, los consorcios Sotramac, Transambiental y Colcard. Manifest\u00f3 que la nueva ruta pre troncal iniciar\u00e1 su recorrido desde la misma Variante, frente al Cementerio Jardines de Paz, a la salida de Turbaco y de all\u00ed seguir\u00e1 en l\u00ednea recta hasta el sector Santa Luc\u00eda (Ronda Real) doblando por la izquierda para tomar la&#8230; <\/p>\n","protected":false},"author":3,"featured_media":13670,"comment_status":"open","ping_status":"closed","sticky":false,"template":"","format":"standard","meta":{"footnotes":"","_links_to":"","_links_to_target":""},"categories":[87,32],"tags":[],"class_list":["post-13669","post","type-post","status-publish","format-standard","has-post-thumbnail","hentry","category-movilidad","category-actualidad-distrito"],"_links":{"self":[{"href":"https:\/\/revistazetta.com\/index.php?rest_route=\/wp\/v2\/posts\/13669","targetHints":{"allow":["GET"]}}],"collection":[{"href":"https:\/\/revistazetta.com\/index.php?rest_route=\/wp\/v2\/posts"}],"about":[{"href":"https:\/\/revistazetta.com\/index.php?rest_route=\/wp\/v2\/types\/post"}],"author":[{"embeddable":true,"href":"https:\/\/revistazetta.com\/index.php?rest_route=\/wp\/v2\/users\/3"}],"replies":[{"embeddable":true,"href":"https:\/\/revistazetta.com\/index.php?rest_route=%2Fwp%2Fv2%2Fcomments&post=13669"}],"version-history":[{"count":0,"href":"https:\/\/revistazetta.com\/index.php?rest_route=\/wp\/v2\/posts\/13669\/revisions"}],"wp:featuredmedia":[{"embeddable":true,"href":"https:\/\/revistazetta.com\/index.php?rest_route=\/wp\/v2\/media\/13670"}],"wp:attachment":[{"href":"https:\/\/revistazetta.com\/index.php?rest_route=%2Fwp%2Fv2%2Fmedia&parent=13669"}],"wp:term":[{"taxonomy":"category","embeddable":true,"href":"https:\/\/revistazetta.com\/index.php?rest_route=%2Fwp%2Fv2%2Fcategories&post=13669"},{"taxonomy":"post_tag","embeddable":true,"href":"https:\/\/revistazetta.com\/index.php?rest_route=%2Fwp%2Fv2%2Ftags&post=13669"}],"curies":[{"name":"wp","href":"https:\/\/api.w.org\/{rel}","templated":true}]}}