{"id":13671,"date":"2016-06-09T05:44:53","date_gmt":"2016-06-09T10:44:53","guid":{"rendered":"http:\/\/www.revistazetta.com\/?p=13671"},"modified":"2016-06-09T05:44:53","modified_gmt":"2016-06-09T10:44:53","slug":"pymes-bolivar-implementan-proyectos-innovacion-colciencias","status":"publish","type":"post","link":"https:\/\/revistazetta.com\/?p=13671","title":{"rendered":"PYMES de Bol\u00edvar implementan proyectos de innovaci\u00f3n con Colciencias"},"content":{"rendered":"<p>La ruta de la innovaci\u00f3n estuvo en Cartagena gracias a la Alianza Regional para la Innovaci\u00f3n, una alianza p\u00fablico-privada entre Colciencias y ConfeC\u00e1maras que recorri\u00f3  la regi\u00f3n Caribe buscando peque\u00f1os y medianos empresarios que estuvieran interesados  en generar capacidades b\u00e1sicas en gesti\u00f3n de la innovaci\u00f3n en las empresas. Hoy 12 proyectos innovadores de empresas cartageneras han sido implementados.<br \/>\n<img loading=\"lazy\" decoding=\"async\" src=\"https:\/\/www.revistazetta.com\/wp-content\/uploads\/2016\/06\/PYMES-300x187.jpg\" alt=\"PYMES\" width=\"300\" height=\"187\" class=\"alignleft size-medium wp-image-13672\" srcset=\"https:\/\/revistazetta.com\/wp-content\/uploads\/2016\/06\/PYMES-300x187.jpg 300w, https:\/\/revistazetta.com\/wp-content\/uploads\/2016\/06\/PYMES-234x146.jpg 234w, https:\/\/revistazetta.com\/wp-content\/uploads\/2016\/06\/PYMES-50x31.jpg 50w, https:\/\/revistazetta.com\/wp-content\/uploads\/2016\/06\/PYMES-120x75.jpg 120w, https:\/\/revistazetta.com\/wp-content\/uploads\/2016\/06\/PYMES.jpg 570w\" sizes=\"auto, (max-width: 300px) 100vw, 300px\" \/><\/p>\n<p><img loading=\"lazy\" decoding=\"async\" src=\"https:\/\/www.revistazetta.com\/wp-content\/uploads\/2016\/06\/PYMES1-300x187.jpg\" alt=\"PYMES1\" width=\"300\" height=\"187\" class=\"alignleft size-medium wp-image-13673\" srcset=\"https:\/\/revistazetta.com\/wp-content\/uploads\/2016\/06\/PYMES1-300x187.jpg 300w, https:\/\/revistazetta.com\/wp-content\/uploads\/2016\/06\/PYMES1-234x146.jpg 234w, https:\/\/revistazetta.com\/wp-content\/uploads\/2016\/06\/PYMES1-50x31.jpg 50w, https:\/\/revistazetta.com\/wp-content\/uploads\/2016\/06\/PYMES1-120x75.jpg 120w, https:\/\/revistazetta.com\/wp-content\/uploads\/2016\/06\/PYMES1.jpg 570w\" sizes=\"auto, (max-width: 300px) 100vw, 300px\" \/><\/p>\n<p>Los empresarios afinaron sus conocimientos en innovaci\u00f3n a partir de 4 componentes; la mentalidad y la cultura de la innovaci\u00f3n empresarial, habilidades b\u00e1sicas para innovar en los empresarios, procesos inductivos de innovaci\u00f3n y capacidades  de apoyo a la implementaci\u00f3n de proyectos con los mismos actores de la alianza.<\/p>\n<p><img loading=\"lazy\" decoding=\"async\" src=\"https:\/\/www.revistazetta.com\/wp-content\/uploads\/2016\/06\/PYMES2-300x187.jpg\" alt=\"PYMES2\" width=\"300\" height=\"187\" class=\"alignleft size-medium wp-image-13674\" srcset=\"https:\/\/revistazetta.com\/wp-content\/uploads\/2016\/06\/PYMES2-300x187.jpg 300w, https:\/\/revistazetta.com\/wp-content\/uploads\/2016\/06\/PYMES2-234x146.jpg 234w, https:\/\/revistazetta.com\/wp-content\/uploads\/2016\/06\/PYMES2-50x31.jpg 50w, https:\/\/revistazetta.com\/wp-content\/uploads\/2016\/06\/PYMES2-120x75.jpg 120w, https:\/\/revistazetta.com\/wp-content\/uploads\/2016\/06\/PYMES2.jpg 570w\" sizes=\"auto, (max-width: 300px) 100vw, 300px\" \/><\/p>\n<p>Este programa se realiz\u00f3 a trav\u00e9s de una convocatoria abierta, donde se presentaron proyectos en temas tales como: desarrollo de plataformas virtuales, creaci\u00f3n de bebidas energ\u00e9ticas,  prendas de vestuarios y accesorios con fibras naturales, entre otros.<\/p>\n<p>\u201cAlianza para la Innovaci\u00f3n, es m\u00e1s que un programa de formaci\u00f3n, lo que pretendemos es que los empresarios entren en una etapa de transformaci\u00f3n; que los problemas e inconvenientes a los que ellos se enfrentan a diario en sus empresas,  puedan  generar  o plantear soluciones para potencializar sus negocios a trav\u00e9s de la innovaci\u00f3n\u201d manifest\u00f3 Marinelly Bornacelly, consultora de Colciencias.<\/p>\n<p>\u201cLos 12 proyectos con  mayor potencial del programa  Alianzas para la Innovaci\u00f3n en Cartagena, ya recibieron la cofinanciaci\u00f3n de Colciencias por la cuant\u00eda de 4 millones de pesos y est\u00e1n en la \u00faltima fase de ejecuci\u00f3n\u201d. Indic\u00f3 Juan Pablo V\u00e9lez, Director de Competitividad de CamCartagena<\/p>\n<p>Algunas de las empresas beneficiarias de los recursos son las siguientes:<\/p>\n<p><strong>Dise\u00f1os Oveida D\u00edaz: <\/strong>El proyecto de Oveida  consiste en elaborar accesorios para el vestuario e insumos para el cabello con fibra de mango.<br \/>\n<strong>Helpmedica:<\/strong> Pretende optimizar la trazabilidad en la cadena de frio de las Centrales de Mezclas y carros de paro de los Hospitales y Cl\u00ednicas.<br \/>\n<strong>Trensas SAS: <\/strong>Busca crear un \u201cmodelo para la medici\u00f3n cuantitativa de proyectos de intervenci\u00f3n en intangibles empresariales\u201d en uno de los clientes que actualmente atiende la empresa.<br \/>\n<strong>Fabcom SAS:<\/strong> Su proyecto consiste en la integraci\u00f3n de todas las actividades de los procesos de log\u00edstica relacionadas con la recepci\u00f3n de productos de almacenamiento y despachos de los mismos, con la gesti\u00f3n de los riesgos e impactos ambientales de cada uno de ellos mediante una aplicaci\u00f3n web m\u00f3vil para su control.<\/p>\n","protected":false},"excerpt":{"rendered":"<p>La ruta de la innovaci\u00f3n estuvo en Cartagena gracias a la Alianza Regional para la Innovaci\u00f3n, una alianza p\u00fablico-privada entre Colciencias y ConfeC\u00e1maras que recorri\u00f3 la regi\u00f3n Caribe buscando peque\u00f1os y medianos empresarios que estuvieran interesados en generar capacidades b\u00e1sicas en gesti\u00f3n de la innovaci\u00f3n en las empresas. Hoy 12 proyectos innovadores de empresas cartageneras han sido implementados. Los empresarios afinaron sus conocimientos en innovaci\u00f3n a partir de 4 componentes; la mentalidad y la cultura de la innovaci\u00f3n empresarial, habilidades b\u00e1sicas para innovar en los empresarios, procesos inductivos de innovaci\u00f3n&#8230; <\/p>\n","protected":false},"author":3,"featured_media":0,"comment_status":"open","ping_status":"closed","sticky":false,"template":"","format":"standard","meta":{"footnotes":"","_links_to":"","_links_to_target":""},"categories":[50],"tags":[],"class_list":["post-13671","post","type-post","status-publish","format-standard","hentry","category-empresa"],"_links":{"self":[{"href":"https:\/\/revistazetta.com\/index.php?rest_route=\/wp\/v2\/posts\/13671","targetHints":{"allow":["GET"]}}],"collection":[{"href":"https:\/\/revistazetta.com\/index.php?rest_route=\/wp\/v2\/posts"}],"about":[{"href":"https:\/\/revistazetta.com\/index.php?rest_route=\/wp\/v2\/types\/post"}],"author":[{"embeddable":true,"href":"https:\/\/revistazetta.com\/index.php?rest_route=\/wp\/v2\/users\/3"}],"replies":[{"embeddable":true,"href":"https:\/\/revistazetta.com\/index.php?rest_route=%2Fwp%2Fv2%2Fcomments&post=13671"}],"version-history":[{"count":0,"href":"https:\/\/revistazetta.com\/index.php?rest_route=\/wp\/v2\/posts\/13671\/revisions"}],"wp:attachment":[{"href":"https:\/\/revistazetta.com\/index.php?rest_route=%2Fwp%2Fv2%2Fmedia&parent=13671"}],"wp:term":[{"taxonomy":"category","embeddable":true,"href":"https:\/\/revistazetta.com\/index.php?rest_route=%2Fwp%2Fv2%2Fcategories&post=13671"},{"taxonomy":"post_tag","embeddable":true,"href":"https:\/\/revistazetta.com\/index.php?rest_route=%2Fwp%2Fv2%2Ftags&post=13671"}],"curies":[{"name":"wp","href":"https:\/\/api.w.org\/{rel}","templated":true}]}}