{"id":13822,"date":"2016-06-14T07:26:13","date_gmt":"2016-06-14T12:26:13","guid":{"rendered":"http:\/\/www.revistazetta.com\/?p=13822"},"modified":"2016-06-14T07:26:13","modified_gmt":"2016-06-14T12:26:13","slug":"oscar-sevilla-se-quedo-prologo-la-vuelta-la-paz","status":"publish","type":"post","link":"https:\/\/revistazetta.com\/?p=13822","title":{"rendered":"Oscar Sevilla se qued\u00f3 con el Pr\u00f3logo de la Vuelta de la Paz"},"content":{"rendered":"<p>Esta competencia contrarreloj de 11.3 kmts, parti\u00f3 desde la plaza de Turbaco hasta llegar a Arjona. Los bolivarenses asistieron masivamente a la convocatoria para disfrutar de esta fiesta del deporte  en la que el ganador para esta oportunidad en la contrarreloj fue el espa\u00f1ol Oscar Sevilla, representante del equipo EPM, Tigo y UNE, al cual le colocaron la camiseta de Movistar y le dieron el trofeo de la Federaci\u00f3n Colombiana de Ciclismo.<\/p>\n<p><img loading=\"lazy\" decoding=\"async\" src=\"https:\/\/www.revistazetta.com\/wp-content\/uploads\/2016\/06\/prologo2-300x187.jpg\" alt=\"prologo2\" width=\"300\" height=\"187\" class=\"alignleft size-medium wp-image-13827\" srcset=\"https:\/\/revistazetta.com\/wp-content\/uploads\/2016\/06\/prologo2-300x187.jpg 300w, https:\/\/revistazetta.com\/wp-content\/uploads\/2016\/06\/prologo2-234x146.jpg 234w, https:\/\/revistazetta.com\/wp-content\/uploads\/2016\/06\/prologo2-50x31.jpg 50w, https:\/\/revistazetta.com\/wp-content\/uploads\/2016\/06\/prologo2-120x75.jpg 120w, https:\/\/revistazetta.com\/wp-content\/uploads\/2016\/06\/prologo2.jpg 570w\" sizes=\"auto, (max-width: 300px) 100vw, 300px\" \/><\/p>\n<p><img loading=\"lazy\" decoding=\"async\" src=\"https:\/\/www.revistazetta.com\/wp-content\/uploads\/2016\/06\/prologo1-300x187.jpg\" alt=\"prologo1\" width=\"300\" height=\"187\" class=\"alignleft size-medium wp-image-13826\" srcset=\"https:\/\/revistazetta.com\/wp-content\/uploads\/2016\/06\/prologo1-300x187.jpg 300w, https:\/\/revistazetta.com\/wp-content\/uploads\/2016\/06\/prologo1-234x146.jpg 234w, https:\/\/revistazetta.com\/wp-content\/uploads\/2016\/06\/prologo1-50x31.jpg 50w, https:\/\/revistazetta.com\/wp-content\/uploads\/2016\/06\/prologo1-120x75.jpg 120w, https:\/\/revistazetta.com\/wp-content\/uploads\/2016\/06\/prologo1.jpg 570w\" sizes=\"auto, (max-width: 300px) 100vw, 300px\" \/><\/p>\n<p>Con un tiempo de 12.02, el ciclista espa\u00f1ol se qued\u00f3 con el Pr\u00f3logo de la Vuelta a Colombia y hoy tendr\u00e1 su primera etapa, con salida desde la Gobernaci\u00f3n de Bol\u00edvar con llegada hasta el corregimiento de la Cansona (Montes de Mar\u00eda).<br \/>\nDespu\u00e9s de tres a\u00f1os vuelve el pr\u00f3logo individual, anteriormente se hac\u00edan de manera grupal. El gobernador Dumek Turbay tuvo el honor de abrir esta competencia con el primer banderazo.<\/p>\n<p> \u201cHoy tuve el honor de dar el primer banderazo ante el primer ciclista en este prologo que une Turbaco con Arjona, pero sobre todo, he disfrutado de este evento que le aporta una enorme posibilidad al desarrollo cicl\u00edstico de la regi\u00f3n\u201d, afirm\u00f3 Turbay  Paz<\/p>\n<p><img loading=\"lazy\" decoding=\"async\" src=\"https:\/\/www.revistazetta.com\/wp-content\/uploads\/2016\/06\/pr\u00f3logo4-300x187.jpg\" alt=\"pr\u00f3logo4\" width=\"300\" height=\"187\" class=\"alignleft size-medium wp-image-13829\" srcset=\"https:\/\/revistazetta.com\/wp-content\/uploads\/2016\/06\/pr\u00f3logo4-300x187.jpg 300w, https:\/\/revistazetta.com\/wp-content\/uploads\/2016\/06\/pr\u00f3logo4-234x146.jpg 234w, https:\/\/revistazetta.com\/wp-content\/uploads\/2016\/06\/pr\u00f3logo4-50x31.jpg 50w, https:\/\/revistazetta.com\/wp-content\/uploads\/2016\/06\/pr\u00f3logo4-120x75.jpg 120w, https:\/\/revistazetta.com\/wp-content\/uploads\/2016\/06\/pr\u00f3logo4.jpg 570w\" sizes=\"auto, (max-width: 300px) 100vw, 300px\" \/><\/p>\n<p><img loading=\"lazy\" decoding=\"async\" src=\"https:\/\/www.revistazetta.com\/wp-content\/uploads\/2016\/06\/pr\u00f3logo3-300x187.jpg\" alt=\"pr\u00f3logo3\" width=\"300\" height=\"187\" class=\"alignleft size-medium wp-image-13828\" srcset=\"https:\/\/revistazetta.com\/wp-content\/uploads\/2016\/06\/pr\u00f3logo3-300x187.jpg 300w, https:\/\/revistazetta.com\/wp-content\/uploads\/2016\/06\/pr\u00f3logo3-234x146.jpg 234w, https:\/\/revistazetta.com\/wp-content\/uploads\/2016\/06\/pr\u00f3logo3-50x31.jpg 50w, https:\/\/revistazetta.com\/wp-content\/uploads\/2016\/06\/pr\u00f3logo3-120x75.jpg 120w, https:\/\/revistazetta.com\/wp-content\/uploads\/2016\/06\/pr\u00f3logo3.jpg 570w\" sizes=\"auto, (max-width: 300px) 100vw, 300px\" \/><br \/>\n\u201cUna contrarreloj bastante recorrida, es una lucha contra el viento y contra el dolor en las piernas, con tu mente, es una lucha contigo mismo\u201d, afirm\u00f3  Walter Vargas Alzate ciclista nacional y participante de esta competencia.<\/p>\n<p>La Vuelta de la Paz convoc\u00f3 a que los arjoneros expusieran sus riquezas culturales y gastron\u00f3micas en la plaza principal, en donde concluy\u00f3 este prologo. Esta es la versi\u00f3n n\u00famero 66 de la Vuelta a Colombia.<img loading=\"lazy\" decoding=\"async\" src=\"https:\/\/www.revistazetta.com\/wp-content\/uploads\/2016\/06\/prologo-300x187.jpg\" alt=\"prologo\" width=\"300\" height=\"187\" class=\"alignleft size-medium wp-image-13830\" srcset=\"https:\/\/revistazetta.com\/wp-content\/uploads\/2016\/06\/prologo-300x187.jpg 300w, https:\/\/revistazetta.com\/wp-content\/uploads\/2016\/06\/prologo-234x146.jpg 234w, https:\/\/revistazetta.com\/wp-content\/uploads\/2016\/06\/prologo-50x31.jpg 50w, https:\/\/revistazetta.com\/wp-content\/uploads\/2016\/06\/prologo-120x75.jpg 120w, https:\/\/revistazetta.com\/wp-content\/uploads\/2016\/06\/prologo.jpg 570w\" sizes=\"auto, (max-width: 300px) 100vw, 300px\" \/><\/p>\n","protected":false},"excerpt":{"rendered":"<p>Esta competencia contrarreloj de 11.3 kmts, parti\u00f3 desde la plaza de Turbaco hasta llegar a Arjona. Los bolivarenses asistieron masivamente a la convocatoria para disfrutar de esta fiesta del deporte en la que el ganador para esta oportunidad en la contrarreloj fue el espa\u00f1ol Oscar Sevilla, representante del equipo EPM, Tigo y UNE, al cual le colocaron la camiseta de Movistar y le dieron el trofeo de la Federaci\u00f3n Colombiana de Ciclismo. Con un tiempo de 12.02, el ciclista espa\u00f1ol se qued\u00f3 con el Pr\u00f3logo de la Vuelta a Colombia&#8230; <\/p>\n","protected":false},"author":3,"featured_media":13825,"comment_status":"open","ping_status":"closed","sticky":false,"template":"","format":"standard","meta":{"footnotes":"","_links_to":"","_links_to_target":""},"categories":[2,53],"tags":[],"class_list":["post-13822","post","type-post","status-publish","format-standard","has-post-thumbnail","hentry","category-actualidad","category-deportes"],"_links":{"self":[{"href":"https:\/\/revistazetta.com\/index.php?rest_route=\/wp\/v2\/posts\/13822","targetHints":{"allow":["GET"]}}],"collection":[{"href":"https:\/\/revistazetta.com\/index.php?rest_route=\/wp\/v2\/posts"}],"about":[{"href":"https:\/\/revistazetta.com\/index.php?rest_route=\/wp\/v2\/types\/post"}],"author":[{"embeddable":true,"href":"https:\/\/revistazetta.com\/index.php?rest_route=\/wp\/v2\/users\/3"}],"replies":[{"embeddable":true,"href":"https:\/\/revistazetta.com\/index.php?rest_route=%2Fwp%2Fv2%2Fcomments&post=13822"}],"version-history":[{"count":0,"href":"https:\/\/revistazetta.com\/index.php?rest_route=\/wp\/v2\/posts\/13822\/revisions"}],"wp:featuredmedia":[{"embeddable":true,"href":"https:\/\/revistazetta.com\/index.php?rest_route=\/wp\/v2\/media\/13825"}],"wp:attachment":[{"href":"https:\/\/revistazetta.com\/index.php?rest_route=%2Fwp%2Fv2%2Fmedia&parent=13822"}],"wp:term":[{"taxonomy":"category","embeddable":true,"href":"https:\/\/revistazetta.com\/index.php?rest_route=%2Fwp%2Fv2%2Fcategories&post=13822"},{"taxonomy":"post_tag","embeddable":true,"href":"https:\/\/revistazetta.com\/index.php?rest_route=%2Fwp%2Fv2%2Ftags&post=13822"}],"curies":[{"name":"wp","href":"https:\/\/api.w.org\/{rel}","templated":true}]}}