{"id":13848,"date":"2016-06-14T15:06:10","date_gmt":"2016-06-14T20:06:10","guid":{"rendered":"http:\/\/www.revistazetta.com\/?p=13848"},"modified":"2016-06-14T15:06:10","modified_gmt":"2016-06-14T20:06:10","slug":"industria-viajes-turismo-rinde-homenaje-postumo-rafael-maldonado","status":"publish","type":"post","link":"https:\/\/revistazetta.com\/?p=13848","title":{"rendered":"Industria de viajes y turismo rinde homenaje p\u00f3stumo a Rafael Maldonado"},"content":{"rendered":"<p>Un homenaje p\u00f3stumo a la memoria de Rafael Maldonado, empresario y dirigente gremial fallecido el pasado domingo en Cartagena de Indias, rendir\u00e1n la Junta Directiva de la Corporaci\u00f3n Turismo Cartagena de Indias (Corpoturismo), presidida por el Alcalde Mayor de la ciudad, Manuel Vicente Duque, los gremios y los empresarios de la industria de viajes y turismo de la ciudad.<\/p>\n<p>Todos  se reunir\u00e1n en oraci\u00f3n en el marco de una Eucarist\u00eda para dar cristiana sepultura a sus cenizas, as\u00ed como para orar en acci\u00f3n de gracias por haber tenido la fortuna de compartir el paso por la tierra de Rafael Maldonado, y elevar plegarias por su alma.<\/p>\n<p>Zully Salazar Fuentes, Presidente Ejecutiva de Corpoturismo, reiter\u00f3 que es mucho lo que Cartagena de Indias debe a Rafael Maldonado. \u201cEl legado de don Rafa trasciende el entorno familiar. Es un legado para todos los cartageneros. Un legado que estar\u00e1 siempre presente en las nuevas generaciones que ver\u00e1n en \u00e9l un ejemplo de trabajo, constancia, y don de gentes a seguir\u201d.<\/p>\n<p>En nombre del sector tur\u00edstico de la ciudad se extiende la invitaci\u00f3n a los cartageneros en general, a asistir a la Eucarist\u00eda, la cual ser\u00e1 ma\u00f1ana 15 de junio a las 6:00 de la tarde, en la parroquia de Nuestra Se\u00f1ora del Perpetuo Socorro.<\/p>\n","protected":false},"excerpt":{"rendered":"<p>Un homenaje p\u00f3stumo a la memoria de Rafael Maldonado, empresario y dirigente gremial fallecido el pasado domingo en Cartagena de Indias, rendir\u00e1n la Junta Directiva de la Corporaci\u00f3n Turismo Cartagena de Indias (Corpoturismo), presidida por el Alcalde Mayor de la ciudad, Manuel Vicente Duque, los gremios y los empresarios de la industria de viajes y turismo de la ciudad. Todos se reunir\u00e1n en oraci\u00f3n en el marco de una Eucarist\u00eda para dar cristiana sepultura a sus cenizas, as\u00ed como para orar en acci\u00f3n de gracias por haber tenido la fortuna&#8230; <\/p>\n","protected":false},"author":3,"featured_media":0,"comment_status":"open","ping_status":"closed","sticky":false,"template":"","format":"standard","meta":{"footnotes":"","_links_to":"","_links_to_target":""},"categories":[2],"tags":[],"class_list":["post-13848","post","type-post","status-publish","format-standard","hentry","category-actualidad"],"_links":{"self":[{"href":"https:\/\/revistazetta.com\/index.php?rest_route=\/wp\/v2\/posts\/13848","targetHints":{"allow":["GET"]}}],"collection":[{"href":"https:\/\/revistazetta.com\/index.php?rest_route=\/wp\/v2\/posts"}],"about":[{"href":"https:\/\/revistazetta.com\/index.php?rest_route=\/wp\/v2\/types\/post"}],"author":[{"embeddable":true,"href":"https:\/\/revistazetta.com\/index.php?rest_route=\/wp\/v2\/users\/3"}],"replies":[{"embeddable":true,"href":"https:\/\/revistazetta.com\/index.php?rest_route=%2Fwp%2Fv2%2Fcomments&post=13848"}],"version-history":[{"count":0,"href":"https:\/\/revistazetta.com\/index.php?rest_route=\/wp\/v2\/posts\/13848\/revisions"}],"wp:attachment":[{"href":"https:\/\/revistazetta.com\/index.php?rest_route=%2Fwp%2Fv2%2Fmedia&parent=13848"}],"wp:term":[{"taxonomy":"category","embeddable":true,"href":"https:\/\/revistazetta.com\/index.php?rest_route=%2Fwp%2Fv2%2Fcategories&post=13848"},{"taxonomy":"post_tag","embeddable":true,"href":"https:\/\/revistazetta.com\/index.php?rest_route=%2Fwp%2Fv2%2Ftags&post=13848"}],"curies":[{"name":"wp","href":"https:\/\/api.w.org\/{rel}","templated":true}]}}