{"id":13852,"date":"2016-06-14T16:10:25","date_gmt":"2016-06-14T21:10:25","guid":{"rendered":"http:\/\/www.revistazetta.com\/?p=13852"},"modified":"2016-06-14T16:10:25","modified_gmt":"2016-06-14T21:10:25","slug":"restriccion-venta-consumo-licor-domingos-lunes-bayunca-pontezuela","status":"publish","type":"post","link":"https:\/\/revistazetta.com\/?p=13852","title":{"rendered":"Restricci\u00f3n de venta y consumo de licor domingos y lunes en Bayunca y Pontezuela"},"content":{"rendered":"<p>Luego de que se conociera a trav\u00e9s de un informe de la Polic\u00eda Metropolitana de Cartagena que los domingos y lunes en los corregimientos de la Zona Norte, Bayuca y Pontezuela ten\u00edan un alto \u00edndice de ri\u00f1as y muertes violentas, la administraci\u00f3n distrital tom\u00f3 la decisi\u00f3n de ampliar a esas poblaciones el decreto 0532 que proh\u00edbe el consumo y venta de alcohol en tiendas los domingo hasta las 10 de la noche y los lunes hasta las 8 en 40 barrios de la ciudad.<\/p>\n<p>Fernando Ni\u00f1o Mendoza, Secretario del Interior y Convivencia Ciudadana, explic\u00f3 que la medida ven\u00eda siendo estudiada desde hace varias semanas por los reportes no solo de ri\u00f1as, sino tambi\u00e9n por el caos de movilidad que se presentaba en las v\u00edas principales de Bayunca y Pontezuela debido al gran n\u00famero de motocicletas que se movilizaban a altas horas de la noche.<\/p>\n<p> \u201cBuscamos recuperar la tranquilidad y el orden p\u00fablico en estos corregimientos ya que desde hace tiempo se ha visto afectada. Adem\u00e1s la misma comunidad as\u00ed lo hab\u00eda solicitado a las autoridades\u201d, dijo.<\/p>\n<p>Ni\u00f1o Mendoza tambi\u00e9n hizo un llamado a los comerciantes para que respeten la ley y recuerden que en los lugares donde se consume licor no se debe permitir el ingreso de menores de edad.<\/p>\n<p>De igual manera, la Polic\u00eda Nacional adoptar\u00e1 las medidas necesarias para el cumplimiento de las restricciones establecidas en la resoluci\u00f3n.<\/p>\n","protected":false},"excerpt":{"rendered":"<p>Luego de que se conociera a trav\u00e9s de un informe de la Polic\u00eda Metropolitana de Cartagena que los domingos y lunes en los corregimientos de la Zona Norte, Bayuca y Pontezuela ten\u00edan un alto \u00edndice de ri\u00f1as y muertes violentas, la administraci\u00f3n distrital tom\u00f3 la decisi\u00f3n de ampliar a esas poblaciones el decreto 0532 que proh\u00edbe el consumo y venta de alcohol en tiendas los domingo hasta las 10 de la noche y los lunes hasta las 8 en 40 barrios de la ciudad. Fernando Ni\u00f1o Mendoza, Secretario del Interior&#8230; <\/p>\n","protected":false},"author":3,"featured_media":0,"comment_status":"open","ping_status":"closed","sticky":false,"template":"","format":"standard","meta":{"footnotes":"","_links_to":"","_links_to_target":""},"categories":[32,88],"tags":[],"class_list":["post-13852","post","type-post","status-publish","format-standard","hentry","category-actualidad-distrito","category-seguridad"],"_links":{"self":[{"href":"https:\/\/revistazetta.com\/index.php?rest_route=\/wp\/v2\/posts\/13852","targetHints":{"allow":["GET"]}}],"collection":[{"href":"https:\/\/revistazetta.com\/index.php?rest_route=\/wp\/v2\/posts"}],"about":[{"href":"https:\/\/revistazetta.com\/index.php?rest_route=\/wp\/v2\/types\/post"}],"author":[{"embeddable":true,"href":"https:\/\/revistazetta.com\/index.php?rest_route=\/wp\/v2\/users\/3"}],"replies":[{"embeddable":true,"href":"https:\/\/revistazetta.com\/index.php?rest_route=%2Fwp%2Fv2%2Fcomments&post=13852"}],"version-history":[{"count":0,"href":"https:\/\/revistazetta.com\/index.php?rest_route=\/wp\/v2\/posts\/13852\/revisions"}],"wp:attachment":[{"href":"https:\/\/revistazetta.com\/index.php?rest_route=%2Fwp%2Fv2%2Fmedia&parent=13852"}],"wp:term":[{"taxonomy":"category","embeddable":true,"href":"https:\/\/revistazetta.com\/index.php?rest_route=%2Fwp%2Fv2%2Fcategories&post=13852"},{"taxonomy":"post_tag","embeddable":true,"href":"https:\/\/revistazetta.com\/index.php?rest_route=%2Fwp%2Fv2%2Ftags&post=13852"}],"curies":[{"name":"wp","href":"https:\/\/api.w.org\/{rel}","templated":true}]}}