{"id":13853,"date":"2016-06-14T16:19:37","date_gmt":"2016-06-14T21:19:37","guid":{"rendered":"http:\/\/www.revistazetta.com\/?p=13853"},"modified":"2016-06-14T16:19:57","modified_gmt":"2016-06-14T21:19:57","slug":"entrega-titulos-propiedad-la-celebracion-los-25-anos-corvivienda","status":"publish","type":"post","link":"https:\/\/revistazetta.com\/?p=13853","title":{"rendered":"Entrega de 150 t\u00edtulos de propiedad en la celebraci\u00f3n de los 25 a\u00f1os de Corvivienda"},"content":{"rendered":"<p>Este 19 de junio el Fondo de Vivienda de Inter\u00e9s Social y Reforma Urbana (Corvivienda), cumple 25 a\u00f1os de haber sido creada, La celebraci\u00f3n de este acontecimiento Realizara el viernes 17 de junio en la que se le entregar\u00e1n 150 t\u00edtulos de propiedad a familias cartageneras, en el sal\u00f3n Vicente Mart\u00ednez Martelo de la Alcald\u00eda de Cartagena.<\/p>\n<p>En el sal\u00f3n de actos del Colegio Salesianos, a las 4 de la tarde, se desarrollar\u00e1 una ceremonia en la que se condecoraran a los ex gerentes que ha tenido la entidad y que aportaron en los avances de la misi\u00f3n institucional.<\/p>\n<p><strong>Lo que se proyecta<\/strong><\/p>\n<p>La actual administraci\u00f3n distrital proyecta en este segundo semestre de 2016 y el primero de 2017, beneficiar a unas mil familias entreg\u00e1ndoles subsidios para vivienda tipo VIP y VIS.<\/p>\n<p>Para hacer las adjudicaci\u00f3n del 11 al 17 de julio la entidad realizar\u00e1 la  Feria de Vivienda, `Casa Pa MI Gente\u00b4,  ofertando viviendas  en Bicentenario, Flor del Campo y  unas  400 viviendas VIS en Pasacaballos. Esta entrega se proyecta a que sea la m\u00e1s grande en la historia de la entidad.<\/p>\n<p>Desde la creaci\u00f3n de Corvivienda han pasado por ella 17 gerentes, de los cuales siete han sido mujeres: Mariela Cabarcas Sanclemente, Edith Salas Osorio, Amparo \u00c1lvarez de Franco, Ingrid Fortich Herrera, Marina Mosquera Cuesta, Carmen Garc\u00eda Bielsa y Maria Elena V\u00e9lez Ospino.<\/p>\n<p>Otros que ocuparon este cargo fueron German Fonseca Castillo, Ricardo Serge Pardo (qepd), Gustavo L\u00f3pez Marrugo (qepd), Ramiro Pereira Brieva, Amaury Sierra Anaya, Andr\u00e9s Roca Blanco, \u00c1ngel David Vega Montes, Julio del Castillo Tapias, Amaury Julio P\u00e9rez,  William Am\u00edn Jattin y el actual William Garc\u00eda Tirado.<\/p>\n","protected":false},"excerpt":{"rendered":"<p>Este 19 de junio el Fondo de Vivienda de Inter\u00e9s Social y Reforma Urbana (Corvivienda), cumple 25 a\u00f1os de haber sido creada, La celebraci\u00f3n de este acontecimiento Realizara el viernes 17 de junio en la que se le entregar\u00e1n 150 t\u00edtulos de propiedad a familias cartageneras, en el sal\u00f3n Vicente Mart\u00ednez Martelo de la Alcald\u00eda de Cartagena. En el sal\u00f3n de actos del Colegio Salesianos, a las 4 de la tarde, se desarrollar\u00e1 una ceremonia en la que se condecoraran a los ex gerentes que ha tenido la entidad y&#8230; <\/p>\n","protected":false},"author":3,"featured_media":0,"comment_status":"open","ping_status":"closed","sticky":false,"template":"","format":"standard","meta":{"footnotes":"","_links_to":"","_links_to_target":""},"categories":[2],"tags":[],"class_list":["post-13853","post","type-post","status-publish","format-standard","hentry","category-actualidad"],"_links":{"self":[{"href":"https:\/\/revistazetta.com\/index.php?rest_route=\/wp\/v2\/posts\/13853","targetHints":{"allow":["GET"]}}],"collection":[{"href":"https:\/\/revistazetta.com\/index.php?rest_route=\/wp\/v2\/posts"}],"about":[{"href":"https:\/\/revistazetta.com\/index.php?rest_route=\/wp\/v2\/types\/post"}],"author":[{"embeddable":true,"href":"https:\/\/revistazetta.com\/index.php?rest_route=\/wp\/v2\/users\/3"}],"replies":[{"embeddable":true,"href":"https:\/\/revistazetta.com\/index.php?rest_route=%2Fwp%2Fv2%2Fcomments&post=13853"}],"version-history":[{"count":0,"href":"https:\/\/revistazetta.com\/index.php?rest_route=\/wp\/v2\/posts\/13853\/revisions"}],"wp:attachment":[{"href":"https:\/\/revistazetta.com\/index.php?rest_route=%2Fwp%2Fv2%2Fmedia&parent=13853"}],"wp:term":[{"taxonomy":"category","embeddable":true,"href":"https:\/\/revistazetta.com\/index.php?rest_route=%2Fwp%2Fv2%2Fcategories&post=13853"},{"taxonomy":"post_tag","embeddable":true,"href":"https:\/\/revistazetta.com\/index.php?rest_route=%2Fwp%2Fv2%2Ftags&post=13853"}],"curies":[{"name":"wp","href":"https:\/\/api.w.org\/{rel}","templated":true}]}}