{"id":13870,"date":"2016-06-15T06:44:57","date_gmt":"2016-06-15T11:44:57","guid":{"rendered":"http:\/\/www.revistazetta.com\/?p=13870"},"modified":"2016-06-15T06:44:57","modified_gmt":"2016-06-15T11:44:57","slug":"pae-cartagena-se-cumple-rigor-secretaria-educacion","status":"publish","type":"post","link":"https:\/\/revistazetta.com\/?p=13870","title":{"rendered":"El PAE en Cartagena se cumple con rigor: Secretar\u00eda de Educaci\u00f3n"},"content":{"rendered":"<p>Para velar por el certero cumplimiento del Programa de Alimentaci\u00f3n Escolar como una estrategia para asegurar la permanencia del estudiantado en el sistema educativo, la Secretar\u00eda de Educaci\u00f3n Distrital particip\u00f3 activamente en la instalaci\u00f3n de la Mesa interinstitucional para el Control Fiscal Participativo al Programa de Alimentaci\u00f3n Escolar, a instancias de la Gerencia Departamental de la Contralor\u00eda General de la Rep\u00fablica.<\/p>\n<p>Germ\u00e1n Sierra Anaya, secretario de Educaci\u00f3n Distrital, expres\u00f3 que a diferencia de otras regiones del pa\u00eds, la experiencia en Cartagena ha sido exitosa. \u201cLa unidad de cobertura documenta todo el proceso desde que se obtienen los insumos, su manipulaci\u00f3n, cocci\u00f3n, hasta que se sirve el alimento al alumnado\u201d, indic\u00f3 el funcionario.<\/p>\n<p>En la instalaci\u00f3n de la Mesa, que se cumpli\u00f3 en el auditorio de la Secretar\u00eda de Educaci\u00f3n Distrital, asistieron representantes de entidades sujetas de control fiscal, rectores y delegados de la comunidad educativa.<\/p>\n<p>Seg\u00fan Diego Pinz\u00f3n, gerente departamental de la Contralor\u00eda, se trata de una \u201cmirada preventiva sobre el control fiscal, orientada a la gerencia efectiva del recurso p\u00fablico y para ello, entre otras v\u00edas misionales, le apuesta al desaf\u00edo de construir ciudadan\u00eda solidaria, incluyente y activa en el control y vigilancia fiscal\u201d.<\/p>\n<p>La reuni\u00f3n cont\u00f3 con la presencia de Rectores quienes aportaron su experiencia. Colegio Mar\u00eda Auxiliadora fue ejemplo de manipulaci\u00f3n de alimentos.<\/p>\n","protected":false},"excerpt":{"rendered":"<p>Para velar por el certero cumplimiento del Programa de Alimentaci\u00f3n Escolar como una estrategia para asegurar la permanencia del estudiantado en el sistema educativo, la Secretar\u00eda de Educaci\u00f3n Distrital particip\u00f3 activamente en la instalaci\u00f3n de la Mesa interinstitucional para el Control Fiscal Participativo al Programa de Alimentaci\u00f3n Escolar, a instancias de la Gerencia Departamental de la Contralor\u00eda General de la Rep\u00fablica. Germ\u00e1n Sierra Anaya, secretario de Educaci\u00f3n Distrital, expres\u00f3 que a diferencia de otras regiones del pa\u00eds, la experiencia en Cartagena ha sido exitosa. \u201cLa unidad de cobertura documenta todo&#8230; <\/p>\n","protected":false},"author":3,"featured_media":13871,"comment_status":"open","ping_status":"closed","sticky":false,"template":"","format":"standard","meta":{"footnotes":"","_links_to":"","_links_to_target":""},"categories":[32],"tags":[],"class_list":["post-13870","post","type-post","status-publish","format-standard","has-post-thumbnail","hentry","category-actualidad-distrito"],"_links":{"self":[{"href":"https:\/\/revistazetta.com\/index.php?rest_route=\/wp\/v2\/posts\/13870","targetHints":{"allow":["GET"]}}],"collection":[{"href":"https:\/\/revistazetta.com\/index.php?rest_route=\/wp\/v2\/posts"}],"about":[{"href":"https:\/\/revistazetta.com\/index.php?rest_route=\/wp\/v2\/types\/post"}],"author":[{"embeddable":true,"href":"https:\/\/revistazetta.com\/index.php?rest_route=\/wp\/v2\/users\/3"}],"replies":[{"embeddable":true,"href":"https:\/\/revistazetta.com\/index.php?rest_route=%2Fwp%2Fv2%2Fcomments&post=13870"}],"version-history":[{"count":0,"href":"https:\/\/revistazetta.com\/index.php?rest_route=\/wp\/v2\/posts\/13870\/revisions"}],"wp:featuredmedia":[{"embeddable":true,"href":"https:\/\/revistazetta.com\/index.php?rest_route=\/wp\/v2\/media\/13871"}],"wp:attachment":[{"href":"https:\/\/revistazetta.com\/index.php?rest_route=%2Fwp%2Fv2%2Fmedia&parent=13870"}],"wp:term":[{"taxonomy":"category","embeddable":true,"href":"https:\/\/revistazetta.com\/index.php?rest_route=%2Fwp%2Fv2%2Fcategories&post=13870"},{"taxonomy":"post_tag","embeddable":true,"href":"https:\/\/revistazetta.com\/index.php?rest_route=%2Fwp%2Fv2%2Ftags&post=13870"}],"curies":[{"name":"wp","href":"https:\/\/api.w.org\/{rel}","templated":true}]}}