{"id":13873,"date":"2016-06-15T06:55:14","date_gmt":"2016-06-15T11:55:14","guid":{"rendered":"http:\/\/www.revistazetta.com\/?p=13873"},"modified":"2016-06-15T06:55:14","modified_gmt":"2016-06-15T11:55:14","slug":"60-admitidos-la-udec-viene-colegios-oficiales-del-distrito","status":"publish","type":"post","link":"https:\/\/revistazetta.com\/?p=13873","title":{"rendered":"El 60% de admitidos en la UdeC viene de colegios oficiales del Distrito"},"content":{"rendered":"<p>Las instituciones educativas oficiales de Cartagena aportaron el 60% de los alumnos admitidos en los diferentes programas de la Universidad de Cartagena.<\/p>\n<p>Seg\u00fan los resultados oficiales, la UdC acaba de admitir a 1.137 alumnos, de los cuales 680 provienen de colegios oficiales del Distrito de Cartagena.<\/p>\n<p>El secretario de Educaci\u00f3n, Germ\u00e1n Sierra Anaya, destac\u00f3 estos resultados y expres\u00f3 que el nuevo plan de Desarrollo \u201cPrimero la Gente\u201d hace \u00e9nfasis en la ruta hacia la educaci\u00f3n superior, con capacitaci\u00f3n para profesores y alumnos.<\/p>\n<p>\u201cPrecisamente estamos ejecutando un convenio con la Universidad de Cartagena para que dos mil alumnos de grado once optimicen sus competencias en lenguaje y matem\u00e1ticas con miras a las Pruebas Saber que se cumplen el pr\u00f3ximo 31 de julio\u201d, se\u00f1al\u00f3 el funcionario.<\/p>\n<p>El colegio que m\u00e1s alumnos logr\u00f3 ingresar a la Universidad es el Soledad Acosta de Samper, cuyo rector, Luis Ram\u00edrez Castrill\u00f3n, dijo que es el resultado de una labor continua de siete a\u00f1os mediante la estrategia \u201cTodos a la universidad\u201d.<br \/>\nLos colegios oficiales del Distrito que m\u00e1s alumnos resultaron admitidos en la Universidad de Cartagena son:<\/p>\n<p>Soledad Acosta de Samper, 77.<br \/>\nMercedes \u00c1brego, 45.<br \/>\nNuestra Se\u00f1ora del Carmen, 29.<br \/>\nPromoci\u00f3n Social, 26.<br \/>\nAmbientalista, 25.<br \/>\nInem, 24.<br \/>\nSan Lucas, 17.<br \/>\nSanta Mar\u00eda, 15.<br \/>\nNormal, 15.<br \/>\nJos\u00e9 de la Vega, 15.<br \/>\nSoledad Rom\u00e1n de N\u00fa\u00f1ez, 14.<br \/>\nFe y Alegr\u00eda Las Gaviotas, 13.<br \/>\nNuestro Esfuerzo, 12.<\/p>\n","protected":false},"excerpt":{"rendered":"<p>Las instituciones educativas oficiales de Cartagena aportaron el 60% de los alumnos admitidos en los diferentes programas de la Universidad de Cartagena. Seg\u00fan los resultados oficiales, la UdC acaba de admitir a 1.137 alumnos, de los cuales 680 provienen de colegios oficiales del Distrito de Cartagena. El secretario de Educaci\u00f3n, Germ\u00e1n Sierra Anaya, destac\u00f3 estos resultados y expres\u00f3 que el nuevo plan de Desarrollo \u201cPrimero la Gente\u201d hace \u00e9nfasis en la ruta hacia la educaci\u00f3n superior, con capacitaci\u00f3n para profesores y alumnos. \u201cPrecisamente estamos ejecutando un convenio con la Universidad&#8230; <\/p>\n","protected":false},"author":3,"featured_media":0,"comment_status":"open","ping_status":"closed","sticky":false,"template":"","format":"standard","meta":{"footnotes":"","_links_to":"","_links_to_target":""},"categories":[32],"tags":[],"class_list":["post-13873","post","type-post","status-publish","format-standard","hentry","category-actualidad-distrito"],"_links":{"self":[{"href":"https:\/\/revistazetta.com\/index.php?rest_route=\/wp\/v2\/posts\/13873","targetHints":{"allow":["GET"]}}],"collection":[{"href":"https:\/\/revistazetta.com\/index.php?rest_route=\/wp\/v2\/posts"}],"about":[{"href":"https:\/\/revistazetta.com\/index.php?rest_route=\/wp\/v2\/types\/post"}],"author":[{"embeddable":true,"href":"https:\/\/revistazetta.com\/index.php?rest_route=\/wp\/v2\/users\/3"}],"replies":[{"embeddable":true,"href":"https:\/\/revistazetta.com\/index.php?rest_route=%2Fwp%2Fv2%2Fcomments&post=13873"}],"version-history":[{"count":0,"href":"https:\/\/revistazetta.com\/index.php?rest_route=\/wp\/v2\/posts\/13873\/revisions"}],"wp:attachment":[{"href":"https:\/\/revistazetta.com\/index.php?rest_route=%2Fwp%2Fv2%2Fmedia&parent=13873"}],"wp:term":[{"taxonomy":"category","embeddable":true,"href":"https:\/\/revistazetta.com\/index.php?rest_route=%2Fwp%2Fv2%2Fcategories&post=13873"},{"taxonomy":"post_tag","embeddable":true,"href":"https:\/\/revistazetta.com\/index.php?rest_route=%2Fwp%2Fv2%2Ftags&post=13873"}],"curies":[{"name":"wp","href":"https:\/\/api.w.org\/{rel}","templated":true}]}}