{"id":13874,"date":"2016-06-15T08:03:59","date_gmt":"2016-06-15T13:03:59","guid":{"rendered":"http:\/\/www.revistazetta.com\/?p=13874"},"modified":"2016-06-15T08:03:59","modified_gmt":"2016-06-15T13:03:59","slug":"se-desmiente-supuesto-cobro-obtener-viviendas-interes-social","status":"publish","type":"post","link":"https:\/\/revistazetta.com\/?p=13874","title":{"rendered":"Se desmiente supuesto cobro para obtener viviendas de interes social"},"content":{"rendered":"<p>La Alcald\u00eda Mayor de Cartagena comunica a  la opini\u00f3n p\u00fablica que no existe cobro alguno por parte de funcionarios del  Gobierno Primero la Gente, para designar cupos a beneficiados y entregar unidades de vivienda de inter\u00e9s.<\/p>\n<p>\u201cDebido a rumores mal intecionados sobre supuesto cobro de dos millones de pesos  por parte de la Gestora Social del Distrito, Viviana S\u00e1nchez de Duque, a personas interesadas en convertirse en beneficiados de la feria Casa para mi gente, nos permitimos informar que la administraci\u00f3n en cabeza del Alcalde Mayor, Manolo Duque V\u00e1squez, a trav\u00e9s del Fondo de Vivienda de Inter\u00e9s Social y Reforma Urbana  (Coorvivienda) realiza un proceso completamente transparente y blindado para el sorteo de casas a familias realmente necesitadas\u201d, dice el comunicado p\u00fablico.<\/p>\n<p>S\u00e1nchez de Duque rechaz\u00f3 cualquier presi\u00f3n a terceros por parte de personas inescrupulosas y recuerda a la comunidad que el Gobierno ofertara mil viviendas entre las personas que cumplan con los requisitos estipulados. Los interesados pueden ingresar a la p\u00e1gina web www.coorvivienda.gov.co o visitar los puntos dispuestos en las tres alcald\u00edas locales, sin ning\u00fan tipo de intermediario.<\/p>\n<p>La Gestora Social del Distrito dijo que enfoca todo su trabajo para el bienestar de la primera infancia, los adultos mayores, el desarrollo cultural y socio econ\u00f3mico de la zona insular de Cartagena, as\u00ed como en recorrer sectores con la campa\u00f1a \u201cModo Rosa\u201d  promoviendo m\u00e9todos para prevenir el c\u00e1ncer de mama.<\/p>\n","protected":false},"excerpt":{"rendered":"<p>La Alcald\u00eda Mayor de Cartagena comunica a la opini\u00f3n p\u00fablica que no existe cobro alguno por parte de funcionarios del Gobierno Primero la Gente, para designar cupos a beneficiados y entregar unidades de vivienda de inter\u00e9s. \u201cDebido a rumores mal intecionados sobre supuesto cobro de dos millones de pesos por parte de la Gestora Social del Distrito, Viviana S\u00e1nchez de Duque, a personas interesadas en convertirse en beneficiados de la feria Casa para mi gente, nos permitimos informar que la administraci\u00f3n en cabeza del Alcalde Mayor, Manolo Duque V\u00e1squez, a&#8230; <\/p>\n","protected":false},"author":3,"featured_media":0,"comment_status":"open","ping_status":"closed","sticky":false,"template":"","format":"standard","meta":{"footnotes":"","_links_to":"","_links_to_target":""},"categories":[32],"tags":[],"class_list":["post-13874","post","type-post","status-publish","format-standard","hentry","category-actualidad-distrito"],"_links":{"self":[{"href":"https:\/\/revistazetta.com\/index.php?rest_route=\/wp\/v2\/posts\/13874","targetHints":{"allow":["GET"]}}],"collection":[{"href":"https:\/\/revistazetta.com\/index.php?rest_route=\/wp\/v2\/posts"}],"about":[{"href":"https:\/\/revistazetta.com\/index.php?rest_route=\/wp\/v2\/types\/post"}],"author":[{"embeddable":true,"href":"https:\/\/revistazetta.com\/index.php?rest_route=\/wp\/v2\/users\/3"}],"replies":[{"embeddable":true,"href":"https:\/\/revistazetta.com\/index.php?rest_route=%2Fwp%2Fv2%2Fcomments&post=13874"}],"version-history":[{"count":0,"href":"https:\/\/revistazetta.com\/index.php?rest_route=\/wp\/v2\/posts\/13874\/revisions"}],"wp:attachment":[{"href":"https:\/\/revistazetta.com\/index.php?rest_route=%2Fwp%2Fv2%2Fmedia&parent=13874"}],"wp:term":[{"taxonomy":"category","embeddable":true,"href":"https:\/\/revistazetta.com\/index.php?rest_route=%2Fwp%2Fv2%2Fcategories&post=13874"},{"taxonomy":"post_tag","embeddable":true,"href":"https:\/\/revistazetta.com\/index.php?rest_route=%2Fwp%2Fv2%2Ftags&post=13874"}],"curies":[{"name":"wp","href":"https:\/\/api.w.org\/{rel}","templated":true}]}}