{"id":13875,"date":"2016-06-15T11:48:18","date_gmt":"2016-06-15T16:48:18","guid":{"rendered":"http:\/\/www.revistazetta.com\/?p=13875"},"modified":"2016-06-15T11:48:18","modified_gmt":"2016-06-15T16:48:18","slug":"este-jueves-concierto-cierre-temporada-la-orquesta-sinfonica-bolivar","status":"publish","type":"post","link":"https:\/\/revistazetta.com\/?p=13875","title":{"rendered":"Este jueves, concierto de cierre de temporada de la Orquesta Sinf\u00f3nica de Bol\u00edvar"},"content":{"rendered":"<p>La Orquesta Sinf\u00f3nica de Bol\u00edvar ofrecer\u00e1 un concierto abierto al p\u00fablico para clausurar su reciente temporada, en el Sal\u00f3n Pierre Daguet de la Instituci\u00f3n Universitaria Bellas Artes y Ciencias de Bol\u00edvar (Unibac), a las 7 de la noche.<\/p>\n<p>La Orquesta Sinf\u00f3nica de Bol\u00edvar, integrada por talentosos estudiantes, egresados y docentes del Conservatorio de M\u00fasica Adolfo Mej\u00eda de Unibac, hoy es considerada la orquesta m\u00e1s importante del Caribe colombiano en su g\u00e9nero y un referente en el medio universitario del pa\u00eds.<\/p>\n<p>Durante los primeros meses del a\u00f1o, mont\u00f3 cinco programas distintos con obras del barroco italiano, sinfon\u00edas cl\u00e1sicas y del siglo XX, poemas sinf\u00f3nicos del romanticismo, piezas del impresionismo franc\u00e9s, m\u00fasica del ballet contempor\u00e1neo, y acompa\u00f1\u00f3 a sus docentes, solistas de flauta, clarinete, fagot y tromb\u00f3n.<\/p>\n<p>En la \u00faltima presentaci\u00f3n de la temporada y como broche de oro, la interpretar\u00e1 el emblem\u00e1tico Concierto para Piano No 1 de Piotr Chaikovsky, en versi\u00f3n del virtuoso colombiano Mauricio Hern\u00e1ndez, pianista asistente de la Orquesta Sinf\u00f3nica Nacional de Colombia. El pre\u00e1mbulo del concierto ser\u00e1 la Danza Macabra de Camille Saint Saens, con la actuaci\u00f3n del solista Cristian Gall\u00f3n, concertino de la orquesta. <\/p>\n","protected":false},"excerpt":{"rendered":"<p>La Orquesta Sinf\u00f3nica de Bol\u00edvar ofrecer\u00e1 un concierto abierto al p\u00fablico para clausurar su reciente temporada, en el Sal\u00f3n Pierre Daguet de la Instituci\u00f3n Universitaria Bellas Artes y Ciencias de Bol\u00edvar (Unibac), a las 7 de la noche. La Orquesta Sinf\u00f3nica de Bol\u00edvar, integrada por talentosos estudiantes, egresados y docentes del Conservatorio de M\u00fasica Adolfo Mej\u00eda de Unibac, hoy es considerada la orquesta m\u00e1s importante del Caribe colombiano en su g\u00e9nero y un referente en el medio universitario del pa\u00eds. Durante los primeros meses del a\u00f1o, mont\u00f3 cinco programas distintos&#8230; <\/p>\n","protected":false},"author":3,"featured_media":13876,"comment_status":"open","ping_status":"closed","sticky":false,"template":"","format":"standard","meta":{"footnotes":"","_links_to":"","_links_to_target":""},"categories":[41],"tags":[],"class_list":["post-13875","post","type-post","status-publish","format-standard","has-post-thumbnail","hentry","category-cultura"],"_links":{"self":[{"href":"https:\/\/revistazetta.com\/index.php?rest_route=\/wp\/v2\/posts\/13875","targetHints":{"allow":["GET"]}}],"collection":[{"href":"https:\/\/revistazetta.com\/index.php?rest_route=\/wp\/v2\/posts"}],"about":[{"href":"https:\/\/revistazetta.com\/index.php?rest_route=\/wp\/v2\/types\/post"}],"author":[{"embeddable":true,"href":"https:\/\/revistazetta.com\/index.php?rest_route=\/wp\/v2\/users\/3"}],"replies":[{"embeddable":true,"href":"https:\/\/revistazetta.com\/index.php?rest_route=%2Fwp%2Fv2%2Fcomments&post=13875"}],"version-history":[{"count":0,"href":"https:\/\/revistazetta.com\/index.php?rest_route=\/wp\/v2\/posts\/13875\/revisions"}],"wp:featuredmedia":[{"embeddable":true,"href":"https:\/\/revistazetta.com\/index.php?rest_route=\/wp\/v2\/media\/13876"}],"wp:attachment":[{"href":"https:\/\/revistazetta.com\/index.php?rest_route=%2Fwp%2Fv2%2Fmedia&parent=13875"}],"wp:term":[{"taxonomy":"category","embeddable":true,"href":"https:\/\/revistazetta.com\/index.php?rest_route=%2Fwp%2Fv2%2Fcategories&post=13875"},{"taxonomy":"post_tag","embeddable":true,"href":"https:\/\/revistazetta.com\/index.php?rest_route=%2Fwp%2Fv2%2Ftags&post=13875"}],"curies":[{"name":"wp","href":"https:\/\/api.w.org\/{rel}","templated":true}]}}