{"id":13877,"date":"2016-06-15T12:07:08","date_gmt":"2016-06-15T17:07:08","guid":{"rendered":"http:\/\/www.revistazetta.com\/?p=13877"},"modified":"2016-06-15T14:11:05","modified_gmt":"2016-06-15T19:11:05","slug":"ojo-las-hojas-exposicion-invita-reflexionar-la-naturaleza","status":"publish","type":"post","link":"https:\/\/revistazetta.com\/?p=13877","title":{"rendered":"\u201cOjo a las Hojas\u201d exposici\u00f3n que invita a reflexionar sobre la naturaleza"},"content":{"rendered":"<p>Desde el pasado 9 de junio y durante todo el mes podr\u00e1 disfrutar en el Hotel Legend Santa Clara de la exposici\u00f3n de la artista Silvia Talero \u201cOjo a las Hojas\u201d, con la cual nos invita a reflexionar sobre nuestra relaci\u00f3n con la naturaleza y lo importante de preservar esto que nos hace vivir.<\/p>\n<p>La muestra est\u00e1 en el Bar El Coro hasta el 30 de Junio para que hu\u00e9spedes, visitantes y residentes de la ciudad de Cartagena la puedan apreciar en todo su esplendor.<\/p>\n<p>OJO A LAS HOJAS<\/p>\n<p><img loading=\"lazy\" decoding=\"async\" src=\"https:\/\/www.revistazetta.com\/wp-content\/uploads\/2016\/06\/image007.jpg\" alt=\"image007\" width=\"213\" height=\"216\" class=\"alignleft size-full wp-image-13879\" srcset=\"https:\/\/revistazetta.com\/wp-content\/uploads\/2016\/06\/image007.jpg 213w, https:\/\/revistazetta.com\/wp-content\/uploads\/2016\/06\/image007-144x146.jpg 144w, https:\/\/revistazetta.com\/wp-content\/uploads\/2016\/06\/image007-50x50.jpg 50w, https:\/\/revistazetta.com\/wp-content\/uploads\/2016\/06\/image007-74x75.jpg 74w, https:\/\/revistazetta.com\/wp-content\/uploads\/2016\/06\/image007-85x85.jpg 85w, https:\/\/revistazetta.com\/wp-content\/uploads\/2016\/06\/image007-80x80.jpg 80w\" sizes=\"auto, (max-width: 213px) 100vw, 213px\" \/><\/p>\n<p><img loading=\"lazy\" decoding=\"async\" src=\"https:\/\/www.revistazetta.com\/wp-content\/uploads\/2016\/06\/image006.jpg\" alt=\"image006\" width=\"219\" height=\"217\" class=\"alignleft size-full wp-image-13878\" srcset=\"https:\/\/revistazetta.com\/wp-content\/uploads\/2016\/06\/image006.jpg 219w, https:\/\/revistazetta.com\/wp-content\/uploads\/2016\/06\/image006-150x150.jpg 150w, https:\/\/revistazetta.com\/wp-content\/uploads\/2016\/06\/image006-147x146.jpg 147w, https:\/\/revistazetta.com\/wp-content\/uploads\/2016\/06\/image006-50x50.jpg 50w, https:\/\/revistazetta.com\/wp-content\/uploads\/2016\/06\/image006-76x75.jpg 76w, https:\/\/revistazetta.com\/wp-content\/uploads\/2016\/06\/image006-85x85.jpg 85w, https:\/\/revistazetta.com\/wp-content\/uploads\/2016\/06\/image006-80x80.jpg 80w\" sizes=\"auto, (max-width: 219px) 100vw, 219px\" \/><br \/>\nDe acuerdo a la artista, su obra busca proponer un di\u00e1logo sensible y amoroso con  la naturaleza, un llamado a su cuidado y conservaci\u00f3n. \u201cEs replantear actitudes frente a ella y promover con plena conciencia la importancia de su preservaci\u00f3n, en aras de sostener nuestra propia permanencia y equilibrio\u201d. Afirma<\/p>\n<p>Seg\u00fan sus palabras \u201cPor ello, en esta propuesta intento desentra\u00f1ar est\u00e9ticamente ese esplendor crom\u00e1tico  de sus diversos matices, formas y aspectos vitales, con la intenci\u00f3n, adem\u00e1s,  de  testimoniar  art\u00edsticamente  la impronta humana que en su fren\u00e9tica intervenci\u00f3n en el planeta, ha agotado, modificado  y desaparecido  valiosas  especies  de las que s\u00f3lo quedan registros hist\u00f3ricos de sus existencia\u201d.<\/p>\n<p>Continua \u201cConf\u00edo, en que al hacer el recorrido de esta muestra, puedan sentir un poco el esp\u00edritu y la emoci\u00f3n que viv\u00ed mientras pintaba cada cuadro y, que de alguna manera ese  sentimiento se multiplique despertando  conciencias\u201d.<\/p>\n<p>La exposici\u00f3n es abierta al p\u00fablico sin ning\u00fan costo a partir de las 10:00 de la ma\u00f1ana y hasta las 9 de la noche.<\/p>\n","protected":false},"excerpt":{"rendered":"<p>Desde el pasado 9 de junio y durante todo el mes podr\u00e1 disfrutar en el Hotel Legend Santa Clara de la exposici\u00f3n de la artista Silvia Talero \u201cOjo a las Hojas\u201d, con la cual nos invita a reflexionar sobre nuestra relaci\u00f3n con la naturaleza y lo importante de preservar esto que nos hace vivir. La muestra est\u00e1 en el Bar El Coro hasta el 30 de Junio para que hu\u00e9spedes, visitantes y residentes de la ciudad de Cartagena la puedan apreciar en todo su esplendor. OJO A LAS HOJAS De&#8230; <\/p>\n","protected":false},"author":3,"featured_media":13878,"comment_status":"open","ping_status":"closed","sticky":false,"template":"","format":"standard","meta":{"footnotes":"","_links_to":"","_links_to_target":""},"categories":[2],"tags":[],"class_list":["post-13877","post","type-post","status-publish","format-standard","has-post-thumbnail","hentry","category-actualidad"],"_links":{"self":[{"href":"https:\/\/revistazetta.com\/index.php?rest_route=\/wp\/v2\/posts\/13877","targetHints":{"allow":["GET"]}}],"collection":[{"href":"https:\/\/revistazetta.com\/index.php?rest_route=\/wp\/v2\/posts"}],"about":[{"href":"https:\/\/revistazetta.com\/index.php?rest_route=\/wp\/v2\/types\/post"}],"author":[{"embeddable":true,"href":"https:\/\/revistazetta.com\/index.php?rest_route=\/wp\/v2\/users\/3"}],"replies":[{"embeddable":true,"href":"https:\/\/revistazetta.com\/index.php?rest_route=%2Fwp%2Fv2%2Fcomments&post=13877"}],"version-history":[{"count":0,"href":"https:\/\/revistazetta.com\/index.php?rest_route=\/wp\/v2\/posts\/13877\/revisions"}],"wp:featuredmedia":[{"embeddable":true,"href":"https:\/\/revistazetta.com\/index.php?rest_route=\/wp\/v2\/media\/13878"}],"wp:attachment":[{"href":"https:\/\/revistazetta.com\/index.php?rest_route=%2Fwp%2Fv2%2Fmedia&parent=13877"}],"wp:term":[{"taxonomy":"category","embeddable":true,"href":"https:\/\/revistazetta.com\/index.php?rest_route=%2Fwp%2Fv2%2Fcategories&post=13877"},{"taxonomy":"post_tag","embeddable":true,"href":"https:\/\/revistazetta.com\/index.php?rest_route=%2Fwp%2Fv2%2Ftags&post=13877"}],"curies":[{"name":"wp","href":"https:\/\/api.w.org\/{rel}","templated":true}]}}