{"id":13881,"date":"2016-06-15T14:06:02","date_gmt":"2016-06-15T19:06:02","guid":{"rendered":"http:\/\/www.revistazetta.com\/?p=13881"},"modified":"2016-06-15T14:06:02","modified_gmt":"2016-06-15T19:06:02","slug":"camcartagena-admiss-unen-esfuerzos-apoyar-jovenes-emprendedores","status":"publish","type":"post","link":"https:\/\/revistazetta.com\/?p=13881","title":{"rendered":"CamCartagena y Admiss unen esfuerzos para apoyar a j\u00f3venes emprendedores"},"content":{"rendered":"<p>Capacitar j\u00f3venes cartageneros en temas de emprendimiento y planes de negocio a trav\u00e9s de un programa piloto, es la principal raz\u00f3n por la cual la C\u00e1mara de Comercio de Cartagena y la marca de esmaltes para u\u00f1as colombiana Admiss hoy unen esfuerzos. <\/p>\n<p>La alianza busca promover el emprendimiento juvenil y estimular la generaci\u00f3n de capacidades econ\u00f3micas en este segmento de la poblaci\u00f3n, que hist\u00f3ricamente se ha visto altamente afectada por problem\u00e1ticas como el desempleo.<\/p>\n<p><img loading=\"lazy\" decoding=\"async\" src=\"https:\/\/www.revistazetta.com\/wp-content\/uploads\/2016\/06\/alianza-300x187.jpg\" alt=\"alianza\" width=\"300\" height=\"187\" class=\"alignleft size-medium wp-image-13882\" srcset=\"https:\/\/revistazetta.com\/wp-content\/uploads\/2016\/06\/alianza-300x187.jpg 300w, https:\/\/revistazetta.com\/wp-content\/uploads\/2016\/06\/alianza-234x146.jpg 234w, https:\/\/revistazetta.com\/wp-content\/uploads\/2016\/06\/alianza-50x31.jpg 50w, https:\/\/revistazetta.com\/wp-content\/uploads\/2016\/06\/alianza-120x75.jpg 120w, https:\/\/revistazetta.com\/wp-content\/uploads\/2016\/06\/alianza.jpg 570w\" sizes=\"auto, (max-width: 300px) 100vw, 300px\" \/>Seg\u00fan Mar\u00eda Claudia P\u00e1ez, presidenta ejecutiva de la c\u00e1mara esta es una \u201calianza que se quiere fortalecer y cuyo objetivo se enmarca en lo que se ha propuesto la entidad para fomentar el emprendimiento, especialmente en los j\u00f3venes\u201d. <\/p>\n<p>P\u00e1ez complement\u00f3 diciendo que  \u201cla propuesta con Admiss es formar y propiciar un grupo de j\u00f3venes que desarrollen capacidades para ser empresarios y gestores de su propio desarrollo\u201d<\/p>\n<p>Ser\u00e1n cerca de 60 j\u00f3venes emprendedores entre los 18 y 30 a\u00f1os, que se inscribieron previamente y manifestaron su inter\u00e9s de participar en el programa denominado \u201cDe plan con Admiss\u201d, en el marco del foro de j\u00f3venes organizado por la c\u00e1mara; los que empezar\u00e1n la semana pr\u00f3xima a recibir formaci\u00f3n e instrucci\u00f3n por parte de profesionales de CamCartagena y representantes de ventas de Cerescos, laboratorio que fabrica las reconocidas marcas Admiss y  Masglo.<\/p>\n<p>Por su parte Andrea Uribe, gerente de marca de Admiss, se mostr\u00f3 complacida con el pr\u00f3ximo inicio del proceso de capacitaci\u00f3n y declar\u00f3 que para  la marca \u201ces bastante importante apoyar a los j\u00f3venes de la ciudad y la regi\u00f3n a cumplir sus objetivos y logros\u201d<\/p>\n<p>Los emprendedores que terminen satisfactoriamente el proceso de formaci\u00f3n, recibir\u00e1n apoyo directo de Admiss, que les proporcionar\u00e1 un capital semilla de productos y ser\u00e1n nombrados como representantes oficiales de la marca en Cartagena.<\/p>\n<p>Adem\u00e1s, se realizar\u00e1 una segunda versi\u00f3n del programa, a la cual los j\u00f3venes interesados en hacer parte podr\u00e1n inscribirse y obtener informaci\u00f3n  ingresando a www.cccartagena.org.co o comunic\u00e1ndose al 6535010.<\/p>\n","protected":false},"excerpt":{"rendered":"<p>Capacitar j\u00f3venes cartageneros en temas de emprendimiento y planes de negocio a trav\u00e9s de un programa piloto, es la principal raz\u00f3n por la cual la C\u00e1mara de Comercio de Cartagena y la marca de esmaltes para u\u00f1as colombiana Admiss hoy unen esfuerzos. La alianza busca promover el emprendimiento juvenil y estimular la generaci\u00f3n de capacidades econ\u00f3micas en este segmento de la poblaci\u00f3n, que hist\u00f3ricamente se ha visto altamente afectada por problem\u00e1ticas como el desempleo. Seg\u00fan Mar\u00eda Claudia P\u00e1ez, presidenta ejecutiva de la c\u00e1mara esta es una \u201calianza que se quiere&#8230; <\/p>\n","protected":false},"author":3,"featured_media":13883,"comment_status":"open","ping_status":"closed","sticky":false,"template":"","format":"standard","meta":{"footnotes":"","_links_to":"","_links_to_target":""},"categories":[50],"tags":[],"class_list":["post-13881","post","type-post","status-publish","format-standard","has-post-thumbnail","hentry","category-empresa"],"_links":{"self":[{"href":"https:\/\/revistazetta.com\/index.php?rest_route=\/wp\/v2\/posts\/13881","targetHints":{"allow":["GET"]}}],"collection":[{"href":"https:\/\/revistazetta.com\/index.php?rest_route=\/wp\/v2\/posts"}],"about":[{"href":"https:\/\/revistazetta.com\/index.php?rest_route=\/wp\/v2\/types\/post"}],"author":[{"embeddable":true,"href":"https:\/\/revistazetta.com\/index.php?rest_route=\/wp\/v2\/users\/3"}],"replies":[{"embeddable":true,"href":"https:\/\/revistazetta.com\/index.php?rest_route=%2Fwp%2Fv2%2Fcomments&post=13881"}],"version-history":[{"count":0,"href":"https:\/\/revistazetta.com\/index.php?rest_route=\/wp\/v2\/posts\/13881\/revisions"}],"wp:featuredmedia":[{"embeddable":true,"href":"https:\/\/revistazetta.com\/index.php?rest_route=\/wp\/v2\/media\/13883"}],"wp:attachment":[{"href":"https:\/\/revistazetta.com\/index.php?rest_route=%2Fwp%2Fv2%2Fmedia&parent=13881"}],"wp:term":[{"taxonomy":"category","embeddable":true,"href":"https:\/\/revistazetta.com\/index.php?rest_route=%2Fwp%2Fv2%2Fcategories&post=13881"},{"taxonomy":"post_tag","embeddable":true,"href":"https:\/\/revistazetta.com\/index.php?rest_route=%2Fwp%2Fv2%2Ftags&post=13881"}],"curies":[{"name":"wp","href":"https:\/\/api.w.org\/{rel}","templated":true}]}}