{"id":13885,"date":"2016-06-15T14:28:07","date_gmt":"2016-06-15T19:28:07","guid":{"rendered":"http:\/\/www.revistazetta.com\/?p=13885"},"modified":"2016-06-16T05:49:34","modified_gmt":"2016-06-16T10:49:34","slug":"asi-se-celebro-turbaco-aniversario-del-departamento","status":"publish","type":"post","link":"https:\/\/revistazetta.com\/?p=13885","title":{"rendered":"As\u00ed se celebr\u00f3 en Turbaco el aniversario del departamento"},"content":{"rendered":"<p>El departamento de Bol\u00edvar celebra su aniversario 159, y para ello el gobernador, Dumek Turbay Paz, estuvo presente en el municipio de Turbaco desde muy tempranas horas de las ma\u00f1ana, acompa\u00f1ado de su gabinete.<\/p>\n<p><img loading=\"lazy\" decoding=\"async\" src=\"https:\/\/www.revistazetta.com\/wp-content\/uploads\/2016\/06\/aniversario-Bol\u00edvar3-300x187.jpg\" alt=\"aniversario Bol\u00edvar3\" width=\"300\" height=\"187\" class=\"alignleft size-medium wp-image-13890\" srcset=\"https:\/\/revistazetta.com\/wp-content\/uploads\/2016\/06\/aniversario-Bol\u00edvar3-300x187.jpg 300w, https:\/\/revistazetta.com\/wp-content\/uploads\/2016\/06\/aniversario-Bol\u00edvar3-234x146.jpg 234w, https:\/\/revistazetta.com\/wp-content\/uploads\/2016\/06\/aniversario-Bol\u00edvar3-50x31.jpg 50w, https:\/\/revistazetta.com\/wp-content\/uploads\/2016\/06\/aniversario-Bol\u00edvar3-120x75.jpg 120w, https:\/\/revistazetta.com\/wp-content\/uploads\/2016\/06\/aniversario-Bol\u00edvar3.jpg 570w\" sizes=\"auto, (max-width: 300px) 100vw, 300px\" \/><br \/>\nEl gobernador de Bol\u00edvar asisti\u00f3 a una eucarist\u00eda que se celebr\u00f3 en la iglesia de Santa Catalina de Alejandr\u00eda, ubicada en la plaza principal. Seguidamente, con una calle de honor, se llev\u00f3 a cabo una ofrenda floral en la plaza de la alcald\u00eda municipal en homenaje al Libertador Sim\u00f3n Bol\u00edvar. El alcalde de Turbaco, Antonio V\u00edctor Alcal\u00e1, habitantes de la comunidad y autoridades civiles acompa\u00f1aron al gobernador durante este encuentro.<\/p>\n<p><img loading=\"lazy\" decoding=\"async\" src=\"https:\/\/www.revistazetta.com\/wp-content\/uploads\/2016\/06\/aniversario-Bol\u00edvar2-300x187.jpg\" alt=\"aniversario Bol\u00edvar2\" width=\"300\" height=\"187\" class=\"alignleft size-medium wp-image-13889\" srcset=\"https:\/\/revistazetta.com\/wp-content\/uploads\/2016\/06\/aniversario-Bol\u00edvar2-300x187.jpg 300w, https:\/\/revistazetta.com\/wp-content\/uploads\/2016\/06\/aniversario-Bol\u00edvar2-234x146.jpg 234w, https:\/\/revistazetta.com\/wp-content\/uploads\/2016\/06\/aniversario-Bol\u00edvar2-50x31.jpg 50w, https:\/\/revistazetta.com\/wp-content\/uploads\/2016\/06\/aniversario-Bol\u00edvar2-120x75.jpg 120w, https:\/\/revistazetta.com\/wp-content\/uploads\/2016\/06\/aniversario-Bol\u00edvar2.jpg 570w\" sizes=\"auto, (max-width: 300px) 100vw, 300px\" \/><\/p>\n<p><img loading=\"lazy\" decoding=\"async\" src=\"https:\/\/www.revistazetta.com\/wp-content\/uploads\/2016\/06\/aniversario-Bol\u00edvar1-300x187.jpg\" alt=\"aniversario Bol\u00edvar1\" width=\"300\" height=\"187\" class=\"alignleft size-medium wp-image-13888\" srcset=\"https:\/\/revistazetta.com\/wp-content\/uploads\/2016\/06\/aniversario-Bol\u00edvar1-300x187.jpg 300w, https:\/\/revistazetta.com\/wp-content\/uploads\/2016\/06\/aniversario-Bol\u00edvar1-234x146.jpg 234w, https:\/\/revistazetta.com\/wp-content\/uploads\/2016\/06\/aniversario-Bol\u00edvar1-50x31.jpg 50w, https:\/\/revistazetta.com\/wp-content\/uploads\/2016\/06\/aniversario-Bol\u00edvar1-120x75.jpg 120w, https:\/\/revistazetta.com\/wp-content\/uploads\/2016\/06\/aniversario-Bol\u00edvar1.jpg 570w\" sizes=\"auto, (max-width: 300px) 100vw, 300px\" \/><\/p>\n<p>\u201cA Bol\u00edvar no le conviene otra cosa diferente a la paz, ayer lo dijimos en los Montes de Mar\u00eda, lo hemos dicho en el sur de Bol\u00edvar y lo hemos manifestado permanentemente, la paz es la \u00fanica condici\u00f3n que necesitamos para tener progreso y desarrollo, por ello nosotros trabajaremos por la paz\u201d, sostuvo Turbay Paz  durante esta conmemoraci\u00f3n.<\/p>\n<p>Tambi\u00e9n se comprometi\u00f3 con obras para el municipio. \u201cTurbaco es uno de los pueblos m\u00e1s importantes de Bol\u00edvar y hoy le he dicho al alcalde Antonio V\u00edctor que me diga cu\u00e1l es v\u00eda m\u00e1s importante que se pretende intervenir que nosotros se la regalamos\u201d, expres\u00f3 el gobernador.<\/p>\n<p>Los habitantes del municipio estuvieron presentes durante esta celebraci\u00f3n en la plaza principal y se expresaron en  medio de esta fecha de gran valor hist\u00f3rico. \u00c1ngel D\u00edaz, comerciante y habitante de Turbaco, manifest\u00f3 \u201cEsto nunca se hab\u00eda visto aqu\u00ed, que un gobernador venga en un d\u00eda como hoy a nuestro municipio, por ello lo reconocemos como un buen gobernante, especialmente porque est\u00e1 cumpliendo con Ca\u00f1averal. Llev\u00f3 una ambulancia hace poco y que de hecho  necesit\u00e1bamos\u201d.<\/p>\n","protected":false},"excerpt":{"rendered":"<p>El departamento de Bol\u00edvar celebra su aniversario 159, y para ello el gobernador, Dumek Turbay Paz, estuvo presente en el municipio de Turbaco desde muy tempranas horas de las ma\u00f1ana, acompa\u00f1ado de su gabinete. El gobernador de Bol\u00edvar asisti\u00f3 a una eucarist\u00eda que se celebr\u00f3 en la iglesia de Santa Catalina de Alejandr\u00eda, ubicada en la plaza principal. Seguidamente, con una calle de honor, se llev\u00f3 a cabo una ofrenda floral en la plaza de la alcald\u00eda municipal en homenaje al Libertador Sim\u00f3n Bol\u00edvar. El alcalde de Turbaco, Antonio V\u00edctor&#8230; <\/p>\n","protected":false},"author":3,"featured_media":13887,"comment_status":"open","ping_status":"closed","sticky":false,"template":"","format":"standard","meta":{"footnotes":"","_links_to":"","_links_to_target":""},"categories":[2],"tags":[],"class_list":["post-13885","post","type-post","status-publish","format-standard","has-post-thumbnail","hentry","category-actualidad"],"_links":{"self":[{"href":"https:\/\/revistazetta.com\/index.php?rest_route=\/wp\/v2\/posts\/13885","targetHints":{"allow":["GET"]}}],"collection":[{"href":"https:\/\/revistazetta.com\/index.php?rest_route=\/wp\/v2\/posts"}],"about":[{"href":"https:\/\/revistazetta.com\/index.php?rest_route=\/wp\/v2\/types\/post"}],"author":[{"embeddable":true,"href":"https:\/\/revistazetta.com\/index.php?rest_route=\/wp\/v2\/users\/3"}],"replies":[{"embeddable":true,"href":"https:\/\/revistazetta.com\/index.php?rest_route=%2Fwp%2Fv2%2Fcomments&post=13885"}],"version-history":[{"count":0,"href":"https:\/\/revistazetta.com\/index.php?rest_route=\/wp\/v2\/posts\/13885\/revisions"}],"wp:featuredmedia":[{"embeddable":true,"href":"https:\/\/revistazetta.com\/index.php?rest_route=\/wp\/v2\/media\/13887"}],"wp:attachment":[{"href":"https:\/\/revistazetta.com\/index.php?rest_route=%2Fwp%2Fv2%2Fmedia&parent=13885"}],"wp:term":[{"taxonomy":"category","embeddable":true,"href":"https:\/\/revistazetta.com\/index.php?rest_route=%2Fwp%2Fv2%2Fcategories&post=13885"},{"taxonomy":"post_tag","embeddable":true,"href":"https:\/\/revistazetta.com\/index.php?rest_route=%2Fwp%2Fv2%2Ftags&post=13885"}],"curies":[{"name":"wp","href":"https:\/\/api.w.org\/{rel}","templated":true}]}}