{"id":13891,"date":"2016-06-15T15:28:20","date_gmt":"2016-06-15T20:28:20","guid":{"rendered":"http:\/\/www.revistazetta.com\/?p=13891"},"modified":"2016-06-15T15:28:20","modified_gmt":"2016-06-15T20:28:20","slug":"junta-directiva-nacional-la-andi-recorre-la-nueva-refineria-cartagena","status":"publish","type":"post","link":"https:\/\/revistazetta.com\/?p=13891","title":{"rendered":"Junta Directiva Nacional de la Andi recorre la nueva refiner\u00eda de Cartagena"},"content":{"rendered":"<p>Los miembros de la Junta Directiva de la Asociaci\u00f3n Nacional de Empresarios de Colombia (Andi) que llegaron a las instalaciones de la nueva refiner\u00eda de Cartagena con motivo de realizar su reuni\u00f3n mesual, tuvieron la oportunidad de hacer un recorrido industrial y recibir informaci\u00f3n sobre la operaci\u00f3n de la refiner\u00eda las oportunidades de expansi\u00f3n y creaci\u00f3n de nuevas industrias a partir de los productos e insumos que de aqu\u00ed se derivan para el desarrollo de la cadena petroqu\u00edmica.<br \/>\nTambi\u00e9n asistieron los miembros de la Junta Seccional Bol\u00edvar.<\/p>\n<p><img loading=\"lazy\" decoding=\"async\" src=\"https:\/\/www.revistazetta.com\/wp-content\/uploads\/2016\/06\/reficar-300x187.jpg\" alt=\"reficar\" width=\"300\" height=\"187\" class=\"alignleft size-medium wp-image-13892\" srcset=\"https:\/\/revistazetta.com\/wp-content\/uploads\/2016\/06\/reficar-300x187.jpg 300w, https:\/\/revistazetta.com\/wp-content\/uploads\/2016\/06\/reficar-234x146.jpg 234w, https:\/\/revistazetta.com\/wp-content\/uploads\/2016\/06\/reficar-50x31.jpg 50w, https:\/\/revistazetta.com\/wp-content\/uploads\/2016\/06\/reficar-120x75.jpg 120w, https:\/\/revistazetta.com\/wp-content\/uploads\/2016\/06\/reficar.jpg 570w\" sizes=\"auto, (max-width: 300px) 100vw, 300px\" \/><\/p>\n<p>Ren\u00e9 Puche, presidente de la Sociedad Portuaria Regional de Barranquilla, afirm\u00f3 \u201cBol\u00edvar ha demostrado que es capaz de tener industria, de tener empresas de alta tecnolog\u00eda, de alta complejidad, hechas con capital humano colombiano. Hemos visto desarrollo industrial en la Costa Atl\u00e1ntica y considero que es importante tener en cuenta nuestro personal y la importancia de desarrollar al ser humano para llevar adelante este tipo de proyectos\u201d. <\/p>\n<p>A su vez, C\u00e9sar Caicedo, presidente ejecutivo de Colombina S.A. dijo: \u201cestando aqu\u00ed uno logra entender la dimensi\u00f3n de este gran proyecto nacional, no s\u00f3lo por su dimensi\u00f3n sino por todo el aprovechamiento de los recursos naturales que de aqu\u00ed salen, porque tenemos unos mejores costos de energ\u00eda, un gran aporte al medio ambiente porque se mejora la calidad de los combustibles que aqu\u00ed se producen y el impulso a diferentes industrias que de alguna manera se derivan de lo que se produce aqu\u00ed en Reficar\u201d. <\/p>\n<p>Para Carlos Enrique Moreno, presidente de la Organizaci\u00f3n Corona: \u201cEl proyecto es absolutamente impresionante. El despliegue de energ\u00eda, le consiguieron los mejores equipos, de las mejores especificaciones. Tenemos que estar muy orgullosos como colombianos.  Esa es la etapa n\u00famero uno; la etapa n\u00famero dos es que una pol\u00edtica industrial y una pol\u00edtica de Ecopetrol  faciliten que se industrialice toda esa cantidad de subproductos que sacan de la refiner\u00eda y se convierta esto en un gigantesco polo empresarial para Colombia\u201d.<\/p>\n<p>La refiner\u00eda de Cartagena es uno de los principales contribuyentes del sector industrial colombiano. Seg\u00fan la \u00faltima Encuesta Mensual Manufacturera (EMM) del DANE, el sector se expandi\u00f3 8,2% en febrero, mientras que si se excluye la refinaci\u00f3n de petr\u00f3leo, el crecimiento de las manufacturas restantes fue de 5,7%; con lo cual se concluye que la refiner\u00eda de Cartagena contribuye con el 2,5% en la actividad industrial.\t<\/p>\n","protected":false},"excerpt":{"rendered":"<p>Los miembros de la Junta Directiva de la Asociaci\u00f3n Nacional de Empresarios de Colombia (Andi) que llegaron a las instalaciones de la nueva refiner\u00eda de Cartagena con motivo de realizar su reuni\u00f3n mesual, tuvieron la oportunidad de hacer un recorrido industrial y recibir informaci\u00f3n sobre la operaci\u00f3n de la refiner\u00eda las oportunidades de expansi\u00f3n y creaci\u00f3n de nuevas industrias a partir de los productos e insumos que de aqu\u00ed se derivan para el desarrollo de la cadena petroqu\u00edmica. Tambi\u00e9n asistieron los miembros de la Junta Seccional Bol\u00edvar. Ren\u00e9 Puche, presidente&#8230; <\/p>\n","protected":false},"author":3,"featured_media":13893,"comment_status":"open","ping_status":"closed","sticky":false,"template":"","format":"standard","meta":{"footnotes":"","_links_to":"","_links_to_target":""},"categories":[50],"tags":[],"class_list":["post-13891","post","type-post","status-publish","format-standard","has-post-thumbnail","hentry","category-empresa"],"_links":{"self":[{"href":"https:\/\/revistazetta.com\/index.php?rest_route=\/wp\/v2\/posts\/13891","targetHints":{"allow":["GET"]}}],"collection":[{"href":"https:\/\/revistazetta.com\/index.php?rest_route=\/wp\/v2\/posts"}],"about":[{"href":"https:\/\/revistazetta.com\/index.php?rest_route=\/wp\/v2\/types\/post"}],"author":[{"embeddable":true,"href":"https:\/\/revistazetta.com\/index.php?rest_route=\/wp\/v2\/users\/3"}],"replies":[{"embeddable":true,"href":"https:\/\/revistazetta.com\/index.php?rest_route=%2Fwp%2Fv2%2Fcomments&post=13891"}],"version-history":[{"count":0,"href":"https:\/\/revistazetta.com\/index.php?rest_route=\/wp\/v2\/posts\/13891\/revisions"}],"wp:featuredmedia":[{"embeddable":true,"href":"https:\/\/revistazetta.com\/index.php?rest_route=\/wp\/v2\/media\/13893"}],"wp:attachment":[{"href":"https:\/\/revistazetta.com\/index.php?rest_route=%2Fwp%2Fv2%2Fmedia&parent=13891"}],"wp:term":[{"taxonomy":"category","embeddable":true,"href":"https:\/\/revistazetta.com\/index.php?rest_route=%2Fwp%2Fv2%2Fcategories&post=13891"},{"taxonomy":"post_tag","embeddable":true,"href":"https:\/\/revistazetta.com\/index.php?rest_route=%2Fwp%2Fv2%2Ftags&post=13891"}],"curies":[{"name":"wp","href":"https:\/\/api.w.org\/{rel}","templated":true}]}}