{"id":13909,"date":"2016-06-16T09:16:23","date_gmt":"2016-06-16T14:16:23","guid":{"rendered":"http:\/\/www.revistazetta.com\/?p=13909"},"modified":"2016-06-20T05:29:06","modified_gmt":"2016-06-20T10:29:06","slug":"asamblea-seguridad-motiva-debate-magangue","status":"publish","type":"post","link":"https:\/\/revistazetta.com\/?p=13909","title":{"rendered":"Asamblea: seguridad motiva debate en Magangu\u00e9"},"content":{"rendered":"<p>Los preocupantes acontecimientos en materia de orden p\u00fablico en el sur de Bol\u00edvar motivaron la realizaci\u00f3n de una audiencia p\u00fablica este jueves en Magangu\u00e9, impulsada por la diputada liberal Ver\u00f3nica Payares.<\/p>\n<p>En la audiencia se pretende conocer las acciones emprendidas por las autoridades municipales y departamental en conjunto con la fuerza p\u00fablica para controlar, evitar y minimizar los hechos de violencia e inseguridad que se han presentado en el municipio e igualmente para conocer las acciones realizadas por la Unidad de Gesti\u00f3n de Riesgo y la Alcald\u00eda municipal para detener la erosi\u00f3n causada por los embates del r\u00edo magdalena en el corregimiento de Barbosa. Esta audiencia se realizar\u00e1 en las instalaciones de Comfenalco a partir de las 9:00 a.m.<\/p>\n<p>La proposici\u00f3n de Payares fue secundada por otros diputados maganguele\u00f1os como Jorge Rodr\u00edguez, Elkin Benavides y Mario del Castillo.<\/p>\n<p>La Asamblea Departamental de Bol\u00edvar estuvo los dos d\u00edas anteriores en Tacamocho y C\u00f3rdoba Tet\u00f3n, para observar los efectos de la constante erosi\u00f3n producida por los embates del r\u00edo Magdalena, que est\u00e1 afectando a m\u00e1s de 1.025 familias, y auscultar las medidas que se est\u00e1n tomando para mitigar el impacto del fen\u00f3meno de la erosi\u00f3n y adem\u00e1s para conocer las gestiones realizadas por la alcaldesa Karina Becerra con el Gobierno Nacional.<\/p>\n","protected":false},"excerpt":{"rendered":"<p>Los preocupantes acontecimientos en materia de orden p\u00fablico en el sur de Bol\u00edvar motivaron la realizaci\u00f3n de una audiencia p\u00fablica este jueves en Magangu\u00e9, impulsada por la diputada liberal Ver\u00f3nica Payares. En la audiencia se pretende conocer las acciones emprendidas por las autoridades municipales y departamental en conjunto con la fuerza p\u00fablica para controlar, evitar y minimizar los hechos de violencia e inseguridad que se han presentado en el municipio e igualmente para conocer las acciones realizadas por la Unidad de Gesti\u00f3n de Riesgo y la Alcald\u00eda municipal para detener&#8230; <\/p>\n","protected":false},"author":3,"featured_media":13910,"comment_status":"open","ping_status":"closed","sticky":false,"template":"","format":"standard","meta":{"footnotes":"","_links_to":"","_links_to_target":""},"categories":[28,4],"tags":[],"class_list":["post-13909","post","type-post","status-publish","format-standard","has-post-thumbnail","hentry","category-politica-asamblea","category-politica"],"_links":{"self":[{"href":"https:\/\/revistazetta.com\/index.php?rest_route=\/wp\/v2\/posts\/13909","targetHints":{"allow":["GET"]}}],"collection":[{"href":"https:\/\/revistazetta.com\/index.php?rest_route=\/wp\/v2\/posts"}],"about":[{"href":"https:\/\/revistazetta.com\/index.php?rest_route=\/wp\/v2\/types\/post"}],"author":[{"embeddable":true,"href":"https:\/\/revistazetta.com\/index.php?rest_route=\/wp\/v2\/users\/3"}],"replies":[{"embeddable":true,"href":"https:\/\/revistazetta.com\/index.php?rest_route=%2Fwp%2Fv2%2Fcomments&post=13909"}],"version-history":[{"count":0,"href":"https:\/\/revistazetta.com\/index.php?rest_route=\/wp\/v2\/posts\/13909\/revisions"}],"wp:featuredmedia":[{"embeddable":true,"href":"https:\/\/revistazetta.com\/index.php?rest_route=\/wp\/v2\/media\/13910"}],"wp:attachment":[{"href":"https:\/\/revistazetta.com\/index.php?rest_route=%2Fwp%2Fv2%2Fmedia&parent=13909"}],"wp:term":[{"taxonomy":"category","embeddable":true,"href":"https:\/\/revistazetta.com\/index.php?rest_route=%2Fwp%2Fv2%2Fcategories&post=13909"},{"taxonomy":"post_tag","embeddable":true,"href":"https:\/\/revistazetta.com\/index.php?rest_route=%2Fwp%2Fv2%2Ftags&post=13909"}],"curies":[{"name":"wp","href":"https:\/\/api.w.org\/{rel}","templated":true}]}}