{"id":13912,"date":"2016-06-16T13:07:58","date_gmt":"2016-06-16T18:07:58","guid":{"rendered":"http:\/\/www.revistazetta.com\/?p=13912"},"modified":"2016-06-16T13:07:58","modified_gmt":"2016-06-16T18:07:58","slug":"estos-seran-los-cambios-viales-bocagrande-operacion-transcaribe","status":"publish","type":"post","link":"https:\/\/revistazetta.com\/?p=13912","title":{"rendered":"Estos ser\u00e1n los cambios viales en Bocagrande por operaci\u00f3n de Transcaribe"},"content":{"rendered":"<p>El Departamento Administrativo de Tr\u00e1nsito y Transportes, DATT, pondr\u00e1 en funcionamiento desde este viernes algunas medidas para el mejoramiento del tr\u00e1nsito en Bocagrande debido a la entrada en operaci\u00f3n de la ruta alimentadora del sistema de transporte masivo, Transcaribe, en esa zona de la ciudad.<\/p>\n<p>Los cambios viales fueron avalados mediante Decreto 0833 del 10 de junio de 2016 y establece que desde este viernes 17 de junio, la carrera 1 (avenida El Malec\u00f3n) seguir\u00e1 funcionando como v\u00eda de ingreso al sector tur\u00edstico.<\/p>\n<p>El contraflujo existente desaparecer\u00e1. La avenida Santa Mart\u00edn volver\u00e1 a su estado anterior; solo de ingreso.<\/p>\n<p>Ser\u00e1 habilitada la calzada de la Avenida San Mart\u00edn (carril paralelo a la Avenida El Pescador y que pasa por frente el CAI), desde la glorieta en la avenida  Santander  hasta la calle 15 (Edificio Seguros Bol\u00edvar) en sentido Centro-Bocagrande.<\/p>\n<p>Por la avenida el Malec\u00f3n deber\u00e1n transitar las rutas urbanas de transporte p\u00fablico hasta llegar a la calle 4 en inmediaciones del Parque Flanagan y regresar por la carrera 3 hasta la Avenida San Mart\u00edn por la calzada paralela a la Base Naval.<\/p>\n<p>La misma ruta deber\u00e1n hacerla las chivas tur\u00edsticas, los buses Trolley y los Citysightseeing. La dem\u00e1s v\u00edas del sector mantendr\u00e1n los sentidos viales que actualmente tienen.<\/p>\n","protected":false},"excerpt":{"rendered":"<p>El Departamento Administrativo de Tr\u00e1nsito y Transportes, DATT, pondr\u00e1 en funcionamiento desde este viernes algunas medidas para el mejoramiento del tr\u00e1nsito en Bocagrande debido a la entrada en operaci\u00f3n de la ruta alimentadora del sistema de transporte masivo, Transcaribe, en esa zona de la ciudad. Los cambios viales fueron avalados mediante Decreto 0833 del 10 de junio de 2016 y establece que desde este viernes 17 de junio, la carrera 1 (avenida El Malec\u00f3n) seguir\u00e1 funcionando como v\u00eda de ingreso al sector tur\u00edstico. El contraflujo existente desaparecer\u00e1. La avenida Santa&#8230; <\/p>\n","protected":false},"author":3,"featured_media":0,"comment_status":"open","ping_status":"closed","sticky":false,"template":"","format":"standard","meta":{"footnotes":"","_links_to":"","_links_to_target":""},"categories":[87],"tags":[],"class_list":["post-13912","post","type-post","status-publish","format-standard","hentry","category-movilidad"],"_links":{"self":[{"href":"https:\/\/revistazetta.com\/index.php?rest_route=\/wp\/v2\/posts\/13912","targetHints":{"allow":["GET"]}}],"collection":[{"href":"https:\/\/revistazetta.com\/index.php?rest_route=\/wp\/v2\/posts"}],"about":[{"href":"https:\/\/revistazetta.com\/index.php?rest_route=\/wp\/v2\/types\/post"}],"author":[{"embeddable":true,"href":"https:\/\/revistazetta.com\/index.php?rest_route=\/wp\/v2\/users\/3"}],"replies":[{"embeddable":true,"href":"https:\/\/revistazetta.com\/index.php?rest_route=%2Fwp%2Fv2%2Fcomments&post=13912"}],"version-history":[{"count":0,"href":"https:\/\/revistazetta.com\/index.php?rest_route=\/wp\/v2\/posts\/13912\/revisions"}],"wp:attachment":[{"href":"https:\/\/revistazetta.com\/index.php?rest_route=%2Fwp%2Fv2%2Fmedia&parent=13912"}],"wp:term":[{"taxonomy":"category","embeddable":true,"href":"https:\/\/revistazetta.com\/index.php?rest_route=%2Fwp%2Fv2%2Fcategories&post=13912"},{"taxonomy":"post_tag","embeddable":true,"href":"https:\/\/revistazetta.com\/index.php?rest_route=%2Fwp%2Fv2%2Ftags&post=13912"}],"curies":[{"name":"wp","href":"https:\/\/api.w.org\/{rel}","templated":true}]}}