{"id":13914,"date":"2016-06-17T05:40:06","date_gmt":"2016-06-17T10:40:06","guid":{"rendered":"http:\/\/www.revistazetta.com\/?p=13914"},"modified":"2016-06-17T05:40:06","modified_gmt":"2016-06-17T10:40:06","slug":"gobernador-donara-infraestructura-transcaribe-llegue-cad","status":"publish","type":"post","link":"https:\/\/revistazetta.com\/?p=13914","title":{"rendered":"Gobernador donar\u00e1 infraestructura para que Transcaribe llegue hasta el  CAD"},"content":{"rendered":"<p>En la <a href=\"https:\/\/www.revistazetta.com\/?p=13838\">\u00d3rbita Pol\u00edtica de John Zamora \u2013 martes 14 de junio<\/a> se hab\u00eda expresado que muy agradecidos estar\u00edan funcionarios, contratistas y usuarios, as\u00ed como los cientos de cartageneros si tan solo Transcaribe llegara hasta el CAD, pues a todos los que se beneficiar\u00edan con esto se les tienen buenas noticias.<\/p>\n<p>En la sede de gobierno de la Casa de la Moneda se efectu\u00f3 la reuni\u00f3n entre el Gobernador de Bol\u00edvar, el director del Tr\u00e1nsito y Transporte Departamental, la alcald\u00eda de Cartagena, la alcald\u00eda de Turbaco, Transcaribe, el Ministerio de Transporte, Espacio P\u00fablico y la Concesi\u00f3n Rutas del Sol para consolidar la llegada del transporte masivo hasta el Centro Administrativo Departamental.<br \/>\n<img loading=\"lazy\" decoding=\"async\" src=\"https:\/\/www.revistazetta.com\/wp-content\/uploads\/2016\/06\/trans-CAD1-300x187.jpg\" alt=\"trans CAD1\" width=\"300\" height=\"187\" class=\"alignleft size-medium wp-image-13916\" srcset=\"https:\/\/revistazetta.com\/wp-content\/uploads\/2016\/06\/trans-CAD1-300x187.jpg 300w, https:\/\/revistazetta.com\/wp-content\/uploads\/2016\/06\/trans-CAD1-234x146.jpg 234w, https:\/\/revistazetta.com\/wp-content\/uploads\/2016\/06\/trans-CAD1-50x31.jpg 50w, https:\/\/revistazetta.com\/wp-content\/uploads\/2016\/06\/trans-CAD1-120x75.jpg 120w, https:\/\/revistazetta.com\/wp-content\/uploads\/2016\/06\/trans-CAD1.jpg 570w\" sizes=\"auto, (max-width: 300px) 100vw, 300px\" \/><\/p>\n<p>\u201cEstamos todos de acuerdo en que la ruta debe llegar al Centro Administrativo Departamental y vamos a hacer todo lo necesario para que antes de un mes tengamos esa gran noticia. Se va a hacer una inversi\u00f3n en paraderos para que est\u00e9 en condiciones. Tenemos todo el apoyo del alcalde de Cartagena, Manolo Duque, todo el apoyo del alcalde de Turbaco, Antonio V\u00edctor Alcal\u00e1, por supuesto de la empresa Transcaribe y vamos a generar tambi\u00e9n condiciones de seguridad para que en este transbordo de pasajeros que se va a dar en la Gobernaci\u00f3n de Bol\u00edvar est\u00e9n dadas todas las condiciones\u201d, expres\u00f3 el gobernador, Dumek Turbay.<\/p>\n<p>Por su parte, el gerente de Transcaribe, Humberto Ripoll indic\u00f3 \u201cLa idea es llevar el transporte p\u00fablico al CAP de la Gobernaci\u00f3n. El Gobernador ha manifestado que \u00e9l donar\u00eda la infraestructura necesaria, eso nos facilitar\u00eda mucho las cosas y la idea es reunirnos dentro de 8 d\u00edas para adelantar las tareas que cada uno nos llevamos\u201d, dijo. La pr\u00f3xima reuni\u00f3n ser\u00e1 en el despacho del director de Transcaribe donde se podr\u00e1 materializar la llegada de los articulados al CAD.<\/p>\n<p>El gobernador agreg\u00f3 que la etapa posterior ser\u00eda que Transcaribe llegue a los municipios de Turbaco y Arjona con la inversi\u00f3n de la Gobernaci\u00f3n en infraestructura necesaria como los paraderos y estaciones que garanticen el servicio eficiente para estas poblaciones, generando bienestar social y econ\u00f3mico para sus habitantes.<\/p>\n","protected":false},"excerpt":{"rendered":"<p>En la \u00d3rbita Pol\u00edtica de John Zamora \u2013 martes 14 de junio se hab\u00eda expresado que muy agradecidos estar\u00edan funcionarios, contratistas y usuarios, as\u00ed como los cientos de cartageneros si tan solo Transcaribe llegara hasta el CAD, pues a todos los que se beneficiar\u00edan con esto se les tienen buenas noticias. En la sede de gobierno de la Casa de la Moneda se efectu\u00f3 la reuni\u00f3n entre el Gobernador de Bol\u00edvar, el director del Tr\u00e1nsito y Transporte Departamental, la alcald\u00eda de Cartagena, la alcald\u00eda de Turbaco, Transcaribe, el Ministerio de&#8230; <\/p>\n","protected":false},"author":3,"featured_media":13915,"comment_status":"open","ping_status":"closed","sticky":false,"template":"","format":"standard","meta":{"footnotes":"","_links_to":"","_links_to_target":""},"categories":[75,87],"tags":[],"class_list":["post-13914","post","type-post","status-publish","format-standard","has-post-thumbnail","hentry","category-destacada","category-movilidad"],"_links":{"self":[{"href":"https:\/\/revistazetta.com\/index.php?rest_route=\/wp\/v2\/posts\/13914","targetHints":{"allow":["GET"]}}],"collection":[{"href":"https:\/\/revistazetta.com\/index.php?rest_route=\/wp\/v2\/posts"}],"about":[{"href":"https:\/\/revistazetta.com\/index.php?rest_route=\/wp\/v2\/types\/post"}],"author":[{"embeddable":true,"href":"https:\/\/revistazetta.com\/index.php?rest_route=\/wp\/v2\/users\/3"}],"replies":[{"embeddable":true,"href":"https:\/\/revistazetta.com\/index.php?rest_route=%2Fwp%2Fv2%2Fcomments&post=13914"}],"version-history":[{"count":0,"href":"https:\/\/revistazetta.com\/index.php?rest_route=\/wp\/v2\/posts\/13914\/revisions"}],"wp:featuredmedia":[{"embeddable":true,"href":"https:\/\/revistazetta.com\/index.php?rest_route=\/wp\/v2\/media\/13915"}],"wp:attachment":[{"href":"https:\/\/revistazetta.com\/index.php?rest_route=%2Fwp%2Fv2%2Fmedia&parent=13914"}],"wp:term":[{"taxonomy":"category","embeddable":true,"href":"https:\/\/revistazetta.com\/index.php?rest_route=%2Fwp%2Fv2%2Fcategories&post=13914"},{"taxonomy":"post_tag","embeddable":true,"href":"https:\/\/revistazetta.com\/index.php?rest_route=%2Fwp%2Fv2%2Ftags&post=13914"}],"curies":[{"name":"wp","href":"https:\/\/api.w.org\/{rel}","templated":true}]}}