{"id":13917,"date":"2016-06-17T05:49:38","date_gmt":"2016-06-17T10:49:38","guid":{"rendered":"http:\/\/www.revistazetta.com\/?p=13917"},"modified":"2016-06-17T05:49:38","modified_gmt":"2016-06-17T10:49:38","slug":"convenio-beneficio-familias-victimas-del-conflicto-los-montes-maria","status":"publish","type":"post","link":"https:\/\/revistazetta.com\/?p=13917","title":{"rendered":"Convenio en beneficio de familias v\u00edctimas del conflicto en los Montes de Mar\u00eda"},"content":{"rendered":"<p>Ayer jueves fue firmado el convenio de fortalecimiento de 200 unidades productivas de peque\u00f1os ganaderos v\u00edctimas del conflicto armado a trav\u00e9s de la implementaci\u00f3n del sistema ganadero doble prop\u00f3sito en los municipios de El Carmen de Bol\u00edvar en San Jacinto en la subregi\u00f3n de los Montes de Mar\u00eda en el departamento de Bol\u00edvar. <\/p>\n<p>El gobernador de Bol\u00edvar, Dumek Turbay Paz, agradeci\u00f3 el compromiso de la Unidad de Victimas y la oficina asesora del Postconflicto del departamento con la regi\u00f3n de los Montes de Mar\u00eda y la generaci\u00f3n de bienestar para sus pobladores.<\/p>\n<p><img loading=\"lazy\" decoding=\"async\" src=\"https:\/\/www.revistazetta.com\/wp-content\/uploads\/2016\/06\/convenio-paz2-300x187.jpg\" alt=\"convenio paz2\" width=\"300\" height=\"187\" class=\"alignleft size-medium wp-image-13920\" srcset=\"https:\/\/revistazetta.com\/wp-content\/uploads\/2016\/06\/convenio-paz2-300x187.jpg 300w, https:\/\/revistazetta.com\/wp-content\/uploads\/2016\/06\/convenio-paz2-234x146.jpg 234w, https:\/\/revistazetta.com\/wp-content\/uploads\/2016\/06\/convenio-paz2-50x31.jpg 50w, https:\/\/revistazetta.com\/wp-content\/uploads\/2016\/06\/convenio-paz2-120x75.jpg 120w, https:\/\/revistazetta.com\/wp-content\/uploads\/2016\/06\/convenio-paz2.jpg 570w\" sizes=\"auto, (max-width: 300px) 100vw, 300px\" \/><\/p>\n<p><img loading=\"lazy\" decoding=\"async\" src=\"https:\/\/www.revistazetta.com\/wp-content\/uploads\/2016\/06\/convenio-paz1-300x187.jpg\" alt=\"convenio paz1\" width=\"300\" height=\"187\" class=\"alignleft size-medium wp-image-13919\" srcset=\"https:\/\/revistazetta.com\/wp-content\/uploads\/2016\/06\/convenio-paz1-300x187.jpg 300w, https:\/\/revistazetta.com\/wp-content\/uploads\/2016\/06\/convenio-paz1-234x146.jpg 234w, https:\/\/revistazetta.com\/wp-content\/uploads\/2016\/06\/convenio-paz1-50x31.jpg 50w, https:\/\/revistazetta.com\/wp-content\/uploads\/2016\/06\/convenio-paz1-120x75.jpg 120w, https:\/\/revistazetta.com\/wp-content\/uploads\/2016\/06\/convenio-paz1.jpg 570w\" sizes=\"auto, (max-width: 300px) 100vw, 300px\" \/><\/p>\n<p>\u201cEl gobierno nuestro ha dicho dos cosas importantes. Ha dicho que los Montes de Mar\u00eda son territorio de paz y eso no puede quedarse ah\u00ed, eso tenemos que llevarlo a acciones concretas a resultados de beneficio para esa poblaci\u00f3n v\u00edctima, en objeto de reparaci\u00f3n o es susceptible por el retorno a realizar. Aqu\u00ed lo que hay es un gobierno de resultados y una gran alianza con todos los actores. Hoy nos sentimos muy agradecidos con la Unidad de V\u00edctimas y muy orgullosos del equipo de trabajo que tenemos que nos permite avanzar y llevarle beneficios como este a todos los bolivarenses\u201d, expres\u00f3 el Gobernador.<\/p>\n<p>Este proyecto beneficiar\u00e1 a 200 familias en el componente de generaci\u00f3n de ingresos a trav\u00e9s del fortalecimiento de unidades productivas de ganader\u00eda doble prop\u00f3sito, mediante la entrega de tres hembras en estado de gestaci\u00f3n y el establecimiento de 1 hect\u00e1rea de pasto.<\/p>\n<p>Adicionalmente, los beneficiarios contar\u00e1n con acompa\u00f1amiento psicosocial. Ser\u00e1n en total 600 novillas pre\u00f1adas entre 3 a 7 meses de gestaci\u00f3n, con pesos superiores a 360 kilogramos con base cebuina.<br \/>\nAdem\u00e1s se dispondr\u00e1n de 200 hect\u00e1reas de pasto mejorados para las unidades productivas, estudios de suelos, plan de fertilizaci\u00f3n de las praderas, 720 toneladas de silo de ma\u00edz para la suplementaci\u00f3n animal en \u00e9pocas cr\u00edticas, 540 bultos de sal mineralizada y asistencia t\u00e9cnica durante el desarrollo del proyecto.<\/p>\n<p>Con su implementaci\u00f3n, la Unidad de V\u00edctimas se\u00f1ala que son m\u00e1s de 800 personas las que resultan beneficiadas con este convenio por valor de $2\u2019047.024.000 que se desarrollar\u00e1 durante 10 meses. La Gobernaci\u00f3n de Bol\u00edvar aporta la suma de $300 millones, las alcald\u00edas de El Carmen y San Jacinto $75 millones cada una; mientras que la Unidad para la Atenci\u00f3n y Reparaci\u00f3n Integral a las V\u00edctimas asume el 78% del convenio que representa 1\u2019597.024.000.<\/p>\n<p>\u201cEste convenio es trascendetal porque por primera vez nuestro departamento de Bol\u00edvar accede al Fondo de Cofinanciaci\u00f3n de la Unidad de V\u00edctimas, despu\u00e9s de 4 a\u00f1os pudimos acceder, todos los proyectos se quedaban a mitad de camino, en la boca del horno y hoy estamos firmando este convenio que es por $2 mil millones que beneficiar\u00e1 estas familias que se encuentran en retorno a dos municipios como San Jacinto y El Carmen de Bol\u00edvar y en proceso de reparaci\u00f3n colectiva\u201d, se\u00f1al\u00f3 Arturo Zea, director de la Unidad de V\u00edctimas en Bol\u00edvar.<\/p>\n","protected":false},"excerpt":{"rendered":"<p>Ayer jueves fue firmado el convenio de fortalecimiento de 200 unidades productivas de peque\u00f1os ganaderos v\u00edctimas del conflicto armado a trav\u00e9s de la implementaci\u00f3n del sistema ganadero doble prop\u00f3sito en los municipios de El Carmen de Bol\u00edvar en San Jacinto en la subregi\u00f3n de los Montes de Mar\u00eda en el departamento de Bol\u00edvar. El gobernador de Bol\u00edvar, Dumek Turbay Paz, agradeci\u00f3 el compromiso de la Unidad de Victimas y la oficina asesora del Postconflicto del departamento con la regi\u00f3n de los Montes de Mar\u00eda y la generaci\u00f3n de bienestar para&#8230; <\/p>\n","protected":false},"author":3,"featured_media":13921,"comment_status":"open","ping_status":"closed","sticky":false,"template":"","format":"standard","meta":{"footnotes":"","_links_to":"","_links_to_target":""},"categories":[33],"tags":[],"class_list":["post-13917","post","type-post","status-publish","format-standard","has-post-thumbnail","hentry","category-actualidad-bolivar"],"_links":{"self":[{"href":"https:\/\/revistazetta.com\/index.php?rest_route=\/wp\/v2\/posts\/13917","targetHints":{"allow":["GET"]}}],"collection":[{"href":"https:\/\/revistazetta.com\/index.php?rest_route=\/wp\/v2\/posts"}],"about":[{"href":"https:\/\/revistazetta.com\/index.php?rest_route=\/wp\/v2\/types\/post"}],"author":[{"embeddable":true,"href":"https:\/\/revistazetta.com\/index.php?rest_route=\/wp\/v2\/users\/3"}],"replies":[{"embeddable":true,"href":"https:\/\/revistazetta.com\/index.php?rest_route=%2Fwp%2Fv2%2Fcomments&post=13917"}],"version-history":[{"count":0,"href":"https:\/\/revistazetta.com\/index.php?rest_route=\/wp\/v2\/posts\/13917\/revisions"}],"wp:featuredmedia":[{"embeddable":true,"href":"https:\/\/revistazetta.com\/index.php?rest_route=\/wp\/v2\/media\/13921"}],"wp:attachment":[{"href":"https:\/\/revistazetta.com\/index.php?rest_route=%2Fwp%2Fv2%2Fmedia&parent=13917"}],"wp:term":[{"taxonomy":"category","embeddable":true,"href":"https:\/\/revistazetta.com\/index.php?rest_route=%2Fwp%2Fv2%2Fcategories&post=13917"},{"taxonomy":"post_tag","embeddable":true,"href":"https:\/\/revistazetta.com\/index.php?rest_route=%2Fwp%2Fv2%2Ftags&post=13917"}],"curies":[{"name":"wp","href":"https:\/\/api.w.org\/{rel}","templated":true}]}}