{"id":13923,"date":"2016-06-17T06:07:19","date_gmt":"2016-06-17T11:07:19","guid":{"rendered":"http:\/\/www.revistazetta.com\/?p=13923"},"modified":"2016-06-17T06:07:19","modified_gmt":"2016-06-17T11:07:19","slug":"definidos-grupos-sudamericano-voleibol-u-23-masculino-cartagena","status":"publish","type":"post","link":"https:\/\/revistazetta.com\/?p=13923","title":{"rendered":"Definidos grupos para Sudamericano de Voleibol U-23 Masculino en Cartagena"},"content":{"rendered":"<p>Ser\u00e1n seis equipos de la categor\u00eda sub 23, en la rama masculina,  los que entraran en acci\u00f3n del 21 al 25 de junio en el coliseo Northon Madrid de la ciudad de Cartagena de Indias: Brasil, Argentina, Per\u00fa, Chile, Ecuador y Colombia, quienes tendr\u00e1n la posibilidad de ganar cupos al Mundial de la categor\u00eda del 2017.<\/p>\n<p>Los grupos quedaron conformados de la siguiente manera:<\/p>\n<p><strong>GRUPO A\tGRUPO B<\/p>\n<p>Brasil\tColombia<br \/>\nChile\tArgentina<br \/>\nPer\u00fa\tEcuador<\/strong><\/p>\n<p>A partir del 19 de junio los equipos estar\u00e1n haciendo su arribo a la ciudad de Cartagena, el 20 de junio se har\u00e1 la reuni\u00f3n preliminar con los delegados de cada pa\u00eds y se har\u00e1n los entrenamientos oficiales en la cacha de juego.<\/p>\n<p>La Federaci\u00f3n Colombiana de Voleibol ofrecer\u00e1 una rueda de prensa el d\u00eda lunes 20 de junio a la 1:00 de la tarde en el hotel Almirante Cartagena, lugar donde estar\u00e1n concentradas las delegaciones participantes.<\/p>\n<p>A partir del martes 21 de junio en horarios de 5:00 y 7:00 de la noche iniciaran las competencias oficiales.<\/p>\n<p><strong>FOGUEO COLOMBIA Y BRASIL<\/strong>:<\/p>\n<p>El equipo de Brasil arrib\u00f3 a la ciudad de Cartagena este mi\u00e9rcoles 15 de junio, con el fin de realizar partidos de fogueo con el equipo nacional, de esta forma mejorar su nivel t\u00e9cnico y t\u00e1ctico y llegar en forma a la competencia oficial.<br \/>\nLos partidos ser\u00e1n los d\u00edas 16 y 18 de junio en la cancha principal del coliseo Northon Madrid, escenario sede del sudamericano. Durante los tres d\u00edas de fogueo entre Colombia y Brasil los partidos dar\u00e1n inicio a las 6:00 de la tarde (hora local), con puertas abiertas para el p\u00fablico que desee asistir.<\/p>\n","protected":false},"excerpt":{"rendered":"<p>Ser\u00e1n seis equipos de la categor\u00eda sub 23, en la rama masculina, los que entraran en acci\u00f3n del 21 al 25 de junio en el coliseo Northon Madrid de la ciudad de Cartagena de Indias: Brasil, Argentina, Per\u00fa, Chile, Ecuador y Colombia, quienes tendr\u00e1n la posibilidad de ganar cupos al Mundial de la categor\u00eda del 2017. Los grupos quedaron conformados de la siguiente manera: GRUPO A GRUPO B Brasil Colombia Chile Argentina Per\u00fa Ecuador A partir del 19 de junio los equipos estar\u00e1n haciendo su arribo a la ciudad de&#8230; <\/p>\n","protected":false},"author":3,"featured_media":0,"comment_status":"open","ping_status":"closed","sticky":false,"template":"","format":"standard","meta":{"footnotes":"","_links_to":"","_links_to_target":""},"categories":[53],"tags":[],"class_list":["post-13923","post","type-post","status-publish","format-standard","hentry","category-deportes"],"_links":{"self":[{"href":"https:\/\/revistazetta.com\/index.php?rest_route=\/wp\/v2\/posts\/13923","targetHints":{"allow":["GET"]}}],"collection":[{"href":"https:\/\/revistazetta.com\/index.php?rest_route=\/wp\/v2\/posts"}],"about":[{"href":"https:\/\/revistazetta.com\/index.php?rest_route=\/wp\/v2\/types\/post"}],"author":[{"embeddable":true,"href":"https:\/\/revistazetta.com\/index.php?rest_route=\/wp\/v2\/users\/3"}],"replies":[{"embeddable":true,"href":"https:\/\/revistazetta.com\/index.php?rest_route=%2Fwp%2Fv2%2Fcomments&post=13923"}],"version-history":[{"count":0,"href":"https:\/\/revistazetta.com\/index.php?rest_route=\/wp\/v2\/posts\/13923\/revisions"}],"wp:attachment":[{"href":"https:\/\/revistazetta.com\/index.php?rest_route=%2Fwp%2Fv2%2Fmedia&parent=13923"}],"wp:term":[{"taxonomy":"category","embeddable":true,"href":"https:\/\/revistazetta.com\/index.php?rest_route=%2Fwp%2Fv2%2Fcategories&post=13923"},{"taxonomy":"post_tag","embeddable":true,"href":"https:\/\/revistazetta.com\/index.php?rest_route=%2Fwp%2Fv2%2Ftags&post=13923"}],"curies":[{"name":"wp","href":"https:\/\/api.w.org\/{rel}","templated":true}]}}