{"id":13926,"date":"2016-06-17T13:49:17","date_gmt":"2016-06-17T18:49:17","guid":{"rendered":"http:\/\/www.revistazetta.com\/?p=13926"},"modified":"2016-06-20T05:29:28","modified_gmt":"2016-06-20T10:29:28","slug":"gran-montaje-artistico-lanzamiento-las-fiestas-independencia-2016","status":"publish","type":"post","link":"https:\/\/revistazetta.com\/?p=13926","title":{"rendered":"Gran montaje art\u00edstico en el lanzamiento de las Fiestas de Independencia 2016"},"content":{"rendered":"<p>En la Plaza de la Aduana, miles de cartageneros presenciaron un excelente montaje art\u00edstico que se hizo para el lanzamiento de las Fiestas de Independecia 2016, que cont\u00f3 con la excelente participaci\u00f3n de artistas cartageneros como \u201cLos Heroicos\u201d, Mayte Montero, Luis Tower, Charles King, Orquesta T\u00edpica de Cartagena, Cenelia Alcazar, Barbacoa, Los In\u00e9ditos, Soneros de Gamero, Michi Samrineto, Young F, y muchos m\u00e1s.<br \/>\n<strong><br \/>\nLos nuevos lanceros<\/strong><\/p>\n<p>En el lanzamiento de estas fiestas se posesionaron como nuevos lanceros 2016 la bailarina Luz Marina Ramios y el presentador Lester Gonzales, quienes frente a los cartageneros tomaron sus respectivas lanzas  y juraron defender las Fiestas.<br \/>\nSe presentaron las diferentes autoridades festivas, como la actual reina de la Independencia Naomy Ocoro, y personajes festivos como el marqu\u00e9s, la marquesa, la cobra, y muchos m\u00e1s.<\/p>\n<p><img loading=\"lazy\" decoding=\"async\" src=\"https:\/\/www.revistazetta.com\/wp-content\/uploads\/2016\/06\/FI2016-300x187.jpg\" alt=\"FI2016\" width=\"300\" height=\"187\" class=\"alignleft size-medium wp-image-13927\" srcset=\"https:\/\/revistazetta.com\/wp-content\/uploads\/2016\/06\/FI2016-300x187.jpg 300w, https:\/\/revistazetta.com\/wp-content\/uploads\/2016\/06\/FI2016-234x146.jpg 234w, https:\/\/revistazetta.com\/wp-content\/uploads\/2016\/06\/FI2016-50x31.jpg 50w, https:\/\/revistazetta.com\/wp-content\/uploads\/2016\/06\/FI2016-120x75.jpg 120w, https:\/\/revistazetta.com\/wp-content\/uploads\/2016\/06\/FI2016.jpg 570w\" sizes=\"auto, (max-width: 300px) 100vw, 300px\" \/><\/p>\n<p><img loading=\"lazy\" decoding=\"async\" src=\"https:\/\/www.revistazetta.com\/wp-content\/uploads\/2016\/06\/FI20161-300x187.jpg\" alt=\"FI20161\" width=\"300\" height=\"187\" class=\"alignleft size-medium wp-image-13928\" srcset=\"https:\/\/revistazetta.com\/wp-content\/uploads\/2016\/06\/FI20161-300x187.jpg 300w, https:\/\/revistazetta.com\/wp-content\/uploads\/2016\/06\/FI20161-234x146.jpg 234w, https:\/\/revistazetta.com\/wp-content\/uploads\/2016\/06\/FI20161-50x31.jpg 50w, https:\/\/revistazetta.com\/wp-content\/uploads\/2016\/06\/FI20161-120x75.jpg 120w, https:\/\/revistazetta.com\/wp-content\/uploads\/2016\/06\/FI20161.jpg 570w\" sizes=\"auto, (max-width: 300px) 100vw, 300px\" \/><br \/>\n Con la lectura del decreto por parte del Buf\u00f3n, inici\u00f3 el gran show con la interpretaci\u00f3n de temas de Joe Arroyo como \u201cFalta la plata\u201d por parte de la Orquesta T\u00edpica de Cartagena.<\/p>\n<p>Reconocidos locutores como Jos\u00e9 Manuel Pinz\u00f3n, \u201cEl buso\u201d, Mincho Paternina, Ever Luis, Ricardo Pe\u00f1uela, Miguel Lara, Sa\u00fal Caballero, y muchos m\u00e1s, intervinieron desde distintos puntos de la plaza entre cada presentaci\u00f3n.<\/p>\n<p>\u201cLos Heroicos\u201d bajo el liderazgo de Boris Garc\u00eda, interpretaron \u201cSon apretao\u201d con Charles King,  tambi\u00e9n \u201cPatac\u00f3n Pizao\u201d de la autor\u00eda de \u201cEl Nene\u201d.<\/p>\n<p>Tambi\u00e9n se les rindi\u00f3 homenaje a personajes cartageneros como Cheo Romero, Ra\u00fal G\u00f3mez Jattin, Arturo \u201cel loco\u201d, Mart\u00ednez Martelo, La loca Carmenza, Botellita y Griego, el Bony y Bernardo Caraballo.<br \/>\n<img loading=\"lazy\" decoding=\"async\" src=\"https:\/\/www.revistazetta.com\/wp-content\/uploads\/2016\/06\/FI20162-300x187.jpg\" alt=\"FI20162\" width=\"300\" height=\"187\" class=\"alignleft size-medium wp-image-13929\" srcset=\"https:\/\/revistazetta.com\/wp-content\/uploads\/2016\/06\/FI20162-300x187.jpg 300w, https:\/\/revistazetta.com\/wp-content\/uploads\/2016\/06\/FI20162-234x146.jpg 234w, https:\/\/revistazetta.com\/wp-content\/uploads\/2016\/06\/FI20162-50x31.jpg 50w, https:\/\/revistazetta.com\/wp-content\/uploads\/2016\/06\/FI20162-120x75.jpg 120w, https:\/\/revistazetta.com\/wp-content\/uploads\/2016\/06\/FI20162.jpg 570w\" sizes=\"auto, (max-width: 300px) 100vw, 300px\" \/><\/p>\n<p><img loading=\"lazy\" decoding=\"async\" src=\"https:\/\/www.revistazetta.com\/wp-content\/uploads\/2016\/06\/FI20163-300x187.jpg\" alt=\"FI20163\" width=\"300\" height=\"187\" class=\"alignleft size-medium wp-image-13930\" srcset=\"https:\/\/revistazetta.com\/wp-content\/uploads\/2016\/06\/FI20163-300x187.jpg 300w, https:\/\/revistazetta.com\/wp-content\/uploads\/2016\/06\/FI20163-234x146.jpg 234w, https:\/\/revistazetta.com\/wp-content\/uploads\/2016\/06\/FI20163-50x31.jpg 50w, https:\/\/revistazetta.com\/wp-content\/uploads\/2016\/06\/FI20163-120x75.jpg 120w, https:\/\/revistazetta.com\/wp-content\/uploads\/2016\/06\/FI20163.jpg 570w\" sizes=\"auto, (max-width: 300px) 100vw, 300px\" \/><\/p>\n<p>Luis Tower cant\u00f3.\u201dEl Liso en Olaya\u201d y Mayte Montero, \u201cla reina de la gaita\u201d, alegr\u00f3 la noche con la magistral interpretaci\u00f3n de canciones ic\u00f3nicas de su carrera art\u00edstica.<\/p>\n<p>No pod\u00eda faltar los trabalenguas del fallecido Eliseo Herrera\u201d como \u201cTres puntas\u201d y \u201cChula vende chicha\u201d.<\/p>\n<p>La melanc\u00f3lica Cenelia Alc\u00e1zar  cant\u00f3 \u201cNoche de Cartagena\u201d desde uno de los balcones de la Plaza, y Barbacoa Orquesta puso a bailar a cartageneros con inolvidables temas.<\/p>\n<p>\u201cSon Cartagena\u201d con \u201cEl Cone Alean\u201d tambi\u00e9n hicieron lo suyo  y Pedro Blas recit\u00f3 el poema \u201cVirgencita negra\u201d.<\/p>\n<p><strong>G\u00f3zate mi Fiesta: El himno de las Fiestas de Independencia 2016<\/strong><\/p>\n<p>\u201cLos In\u00e9ditos\u201d y Rami Torres interpretaron la canci\u00f3n oficial de las Fiestas de Independencia 2016, G\u00f3zate mi Fiesta de la autor\u00eda de Jes\u00fas Mar\u00eda Taborda.<\/p>\n<p>\u201cLos Soneros de Gamero\u201d tambi\u00e9n cantaron \u201cEsta es la tranca de carnaval\u201d amenizado por el grupo \u201cCalenda\u201d, y el Michi Sarmiento interpret\u00f3 un solo.<\/p>\n<p>El alcalde de Cartagena, Manolo Duque agradeci\u00f3 a los cartageneros por participar en este gran lanzamiento. \u201cMarcamos un hito en la historia de Cartagena. Esto no ha terminado, agradezco la presencia por estar aqu\u00ed, un d\u00eda jueves y por su excelente comportamiento\u201d, puntualiz\u00f3.<\/p>\n<p>Al t\u00e9rmino del evento, se presentaron en la pista de baile los grupos finalistas de Urban Dance: Ritmos sin frontera por La Paz, Urban brother, Feeling Beets, Tales crew, Mokidz Flaver y Four Estile. Young F fue el \u00faltimo artista en cantar en la noche cartagenera.<\/p>\n<p>Los Juegos pirot\u00e9cnicos cerraron con broche de oro el gran lanzamiento de las Fiestas de Independencia 2016, que es el abre bocas de lo que ser\u00e1 la celebraci\u00f3n que se vivir\u00e1 en noviembre.<\/p>\n","protected":false},"excerpt":{"rendered":"<p>En la Plaza de la Aduana, miles de cartageneros presenciaron un excelente montaje art\u00edstico que se hizo para el lanzamiento de las Fiestas de Independecia 2016, que cont\u00f3 con la excelente participaci\u00f3n de artistas cartageneros como \u201cLos Heroicos\u201d, Mayte Montero, Luis Tower, Charles King, Orquesta T\u00edpica de Cartagena, Cenelia Alcazar, Barbacoa, Los In\u00e9ditos, Soneros de Gamero, Michi Samrineto, Young F, y muchos m\u00e1s. Los nuevos lanceros En el lanzamiento de estas fiestas se posesionaron como nuevos lanceros 2016 la bailarina Luz Marina Ramios y el presentador Lester Gonzales, quienes frente&#8230; <\/p>\n","protected":false},"author":3,"featured_media":13931,"comment_status":"open","ping_status":"closed","sticky":false,"template":"","format":"standard","meta":{"footnotes":"","_links_to":"","_links_to_target":""},"categories":[41],"tags":[],"class_list":["post-13926","post","type-post","status-publish","format-standard","has-post-thumbnail","hentry","category-cultura"],"_links":{"self":[{"href":"https:\/\/revistazetta.com\/index.php?rest_route=\/wp\/v2\/posts\/13926","targetHints":{"allow":["GET"]}}],"collection":[{"href":"https:\/\/revistazetta.com\/index.php?rest_route=\/wp\/v2\/posts"}],"about":[{"href":"https:\/\/revistazetta.com\/index.php?rest_route=\/wp\/v2\/types\/post"}],"author":[{"embeddable":true,"href":"https:\/\/revistazetta.com\/index.php?rest_route=\/wp\/v2\/users\/3"}],"replies":[{"embeddable":true,"href":"https:\/\/revistazetta.com\/index.php?rest_route=%2Fwp%2Fv2%2Fcomments&post=13926"}],"version-history":[{"count":0,"href":"https:\/\/revistazetta.com\/index.php?rest_route=\/wp\/v2\/posts\/13926\/revisions"}],"wp:featuredmedia":[{"embeddable":true,"href":"https:\/\/revistazetta.com\/index.php?rest_route=\/wp\/v2\/media\/13931"}],"wp:attachment":[{"href":"https:\/\/revistazetta.com\/index.php?rest_route=%2Fwp%2Fv2%2Fmedia&parent=13926"}],"wp:term":[{"taxonomy":"category","embeddable":true,"href":"https:\/\/revistazetta.com\/index.php?rest_route=%2Fwp%2Fv2%2Fcategories&post=13926"},{"taxonomy":"post_tag","embeddable":true,"href":"https:\/\/revistazetta.com\/index.php?rest_route=%2Fwp%2Fv2%2Ftags&post=13926"}],"curies":[{"name":"wp","href":"https:\/\/api.w.org\/{rel}","templated":true}]}}