{"id":13937,"date":"2016-06-17T14:58:22","date_gmt":"2016-06-17T19:58:22","guid":{"rendered":"http:\/\/www.revistazetta.com\/?p=13937"},"modified":"2016-06-17T14:58:44","modified_gmt":"2016-06-17T19:58:44","slug":"alcaldia-llegara-este-18-junio-barrio-santa-rita","status":"publish","type":"post","link":"https:\/\/revistazetta.com\/?p=13937","title":{"rendered":"Alcald\u00eda llegar\u00e1 este 18 de junio al barrio Santa Rita"},"content":{"rendered":"<p>La iniciativa de la secretaria general Luz Estela C\u00e1ceres de llevar la alcald\u00eda a las diferentes comunas de las localidades ha dado mucho resultado entre los habitantes de los barrios de Cartagena quienes han pedido que esta actividad se realice m\u00e1s seguido en sus comunidades.<\/p>\n<p>Es por esto que este s\u00e1bado 18 de junio se realizar\u00e1 un nuevo \u201cEncuentro con mi Gente\u201d, esta vez ser\u00e1 en el barrio Santa Rita en la instituci\u00f3n educativa Ana Mar\u00eda V\u00e9lez Trujillo.<\/p>\n<p>A partir de las 8 de la ma\u00f1ana todo el gabinete distrital estar\u00e1 en este lugar con toda la oferta institucional esperando a los ciudadanos del barrio y sus alrededores para atender sus inquietudes.<\/p>\n<p>Con este ya ser\u00eda en tercer encuentro que realiza la Alcald\u00eda, liderados y organizados por Luz Estela C\u00e1ceres quien  extiende la invitaci\u00f3n para que el espacio sea aprovechado de la mejor manera posible. \u201cEstos encuentros son la mejor manera de hablar con el pueblo y llevarles la alcald\u00eda a su barrio. Los anteriores han sido todo un \u00e9xito y esperamos que ma\u00f1ana la comunidad asista y aproveche si necesita hacer alg\u00fan tr\u00e1mite y contarnos las necesidades de su comuna\u201d, expres\u00f3 C\u00e1ceres.<\/p>\n","protected":false},"excerpt":{"rendered":"<p>La iniciativa de la secretaria general Luz Estela C\u00e1ceres de llevar la alcald\u00eda a las diferentes comunas de las localidades ha dado mucho resultado entre los habitantes de los barrios de Cartagena quienes han pedido que esta actividad se realice m\u00e1s seguido en sus comunidades. Es por esto que este s\u00e1bado 18 de junio se realizar\u00e1 un nuevo \u201cEncuentro con mi Gente\u201d, esta vez ser\u00e1 en el barrio Santa Rita en la instituci\u00f3n educativa Ana Mar\u00eda V\u00e9lez Trujillo. A partir de las 8 de la ma\u00f1ana todo el gabinete distrital&#8230; <\/p>\n","protected":false},"author":3,"featured_media":0,"comment_status":"open","ping_status":"closed","sticky":false,"template":"","format":"standard","meta":{"footnotes":"","_links_to":"","_links_to_target":""},"categories":[32],"tags":[],"class_list":["post-13937","post","type-post","status-publish","format-standard","hentry","category-actualidad-distrito"],"_links":{"self":[{"href":"https:\/\/revistazetta.com\/index.php?rest_route=\/wp\/v2\/posts\/13937","targetHints":{"allow":["GET"]}}],"collection":[{"href":"https:\/\/revistazetta.com\/index.php?rest_route=\/wp\/v2\/posts"}],"about":[{"href":"https:\/\/revistazetta.com\/index.php?rest_route=\/wp\/v2\/types\/post"}],"author":[{"embeddable":true,"href":"https:\/\/revistazetta.com\/index.php?rest_route=\/wp\/v2\/users\/3"}],"replies":[{"embeddable":true,"href":"https:\/\/revistazetta.com\/index.php?rest_route=%2Fwp%2Fv2%2Fcomments&post=13937"}],"version-history":[{"count":0,"href":"https:\/\/revistazetta.com\/index.php?rest_route=\/wp\/v2\/posts\/13937\/revisions"}],"wp:attachment":[{"href":"https:\/\/revistazetta.com\/index.php?rest_route=%2Fwp%2Fv2%2Fmedia&parent=13937"}],"wp:term":[{"taxonomy":"category","embeddable":true,"href":"https:\/\/revistazetta.com\/index.php?rest_route=%2Fwp%2Fv2%2Fcategories&post=13937"},{"taxonomy":"post_tag","embeddable":true,"href":"https:\/\/revistazetta.com\/index.php?rest_route=%2Fwp%2Fv2%2Ftags&post=13937"}],"curies":[{"name":"wp","href":"https:\/\/api.w.org\/{rel}","templated":true}]}}