{"id":13942,"date":"2016-06-18T06:06:27","date_gmt":"2016-06-18T11:06:27","guid":{"rendered":"http:\/\/www.revistazetta.com\/?p=13942"},"modified":"2016-06-18T06:06:27","modified_gmt":"2016-06-18T11:06:27","slug":"talleres-estimular-compromiso-los-docentes-sector-educativo","status":"publish","type":"post","link":"https:\/\/revistazetta.com\/?p=13942","title":{"rendered":"Talleres para estimular el compromiso de los docentes con el sector educativo"},"content":{"rendered":"<p>La gobernaci\u00f3n de Bol\u00edvar, a trav\u00e9s de la Secretar\u00eda de Educaci\u00f3n, avanza con los procesos de inducci\u00f3n y reinducci\u00f3n de los m\u00e9todos educativos que deben adelantar acorde con las directrices emanadas del Ministerio de Educaci\u00f3n Nacional, los maestros en cada uno de los establecimientos educativos oficiales nombrados en el departamento.<\/p>\n<p>Para ello ha realizado talleres que pretenden destacar el rol del maestro en la sociedad, los retos que enfrentan, los cambios que se est\u00e1n dando por las pol\u00edticas educativas, el marco en que se ha desenvuelto la revoluci\u00f3n educativa en los \u00faltimos a\u00f1os y tambi\u00e9n las caracter\u00edsticas especiales de la entidad territorial en la que desempe\u00f1an su profesi\u00f3n.<br \/>\n<img loading=\"lazy\" decoding=\"async\" src=\"https:\/\/www.revistazetta.com\/wp-content\/uploads\/2016\/06\/talleres-300x187.jpg\" alt=\"talleres\" width=\"300\" height=\"187\" class=\"alignleft size-medium wp-image-13943\" srcset=\"https:\/\/revistazetta.com\/wp-content\/uploads\/2016\/06\/talleres-300x187.jpg 300w, https:\/\/revistazetta.com\/wp-content\/uploads\/2016\/06\/talleres-234x146.jpg 234w, https:\/\/revistazetta.com\/wp-content\/uploads\/2016\/06\/talleres-50x31.jpg 50w, https:\/\/revistazetta.com\/wp-content\/uploads\/2016\/06\/talleres-120x75.jpg 120w, https:\/\/revistazetta.com\/wp-content\/uploads\/2016\/06\/talleres.jpg 570w\" sizes=\"auto, (max-width: 300px) 100vw, 300px\" \/><\/p>\n<p><img loading=\"lazy\" decoding=\"async\" src=\"https:\/\/www.revistazetta.com\/wp-content\/uploads\/2016\/06\/talleres2-300x187.jpg\" alt=\"talleres2\" width=\"300\" height=\"187\" class=\"alignleft size-medium wp-image-13945\" srcset=\"https:\/\/revistazetta.com\/wp-content\/uploads\/2016\/06\/talleres2-300x187.jpg 300w, https:\/\/revistazetta.com\/wp-content\/uploads\/2016\/06\/talleres2-234x146.jpg 234w, https:\/\/revistazetta.com\/wp-content\/uploads\/2016\/06\/talleres2-50x31.jpg 50w, https:\/\/revistazetta.com\/wp-content\/uploads\/2016\/06\/talleres2-120x75.jpg 120w, https:\/\/revistazetta.com\/wp-content\/uploads\/2016\/06\/talleres2.jpg 570w\" sizes=\"auto, (max-width: 300px) 100vw, 300px\" \/><\/p>\n<p>Esta vez se llevo a cabo CON 190 maestros de las Zodes Depresi\u00f3n Momposina, Mojana  y Lobas.La  jornada  reuni\u00f3  a  maestros del cono sur del departamento con el objeto de lograr un acercamiento y retroalimentaci\u00f3n respecto a sus vivencias laborales y la satisfacci\u00f3n de sus expectativas, as\u00ed como tambi\u00e9n estimular el compromiso de los docentes con el sector educativo de Bol\u00edvar para el mejoramiento y logros de la calidad de la Educaci\u00f3n.<\/p>\n<p>A trav\u00e9s de estos encuentros se establece un t\u00e9rmino de conversaci\u00f3n en el cual los docentes y directivos docentes reconocen los actuales lineamientos de pol\u00edtica educativa por medio de la construcci\u00f3n de di\u00e1logos encontrando elementos claves para renovar su compromiso y motivaci\u00f3n con la construcci\u00f3n de una educaci\u00f3n de calidad.<br \/>\n<img loading=\"lazy\" decoding=\"async\" src=\"https:\/\/www.revistazetta.com\/wp-content\/uploads\/2016\/06\/talleres4-300x187.jpg\" alt=\"talleres4\" width=\"300\" height=\"187\" class=\"alignleft size-medium wp-image-13946\" srcset=\"https:\/\/revistazetta.com\/wp-content\/uploads\/2016\/06\/talleres4-300x187.jpg 300w, https:\/\/revistazetta.com\/wp-content\/uploads\/2016\/06\/talleres4-234x146.jpg 234w, https:\/\/revistazetta.com\/wp-content\/uploads\/2016\/06\/talleres4-50x31.jpg 50w, https:\/\/revistazetta.com\/wp-content\/uploads\/2016\/06\/talleres4-120x75.jpg 120w, https:\/\/revistazetta.com\/wp-content\/uploads\/2016\/06\/talleres4.jpg 570w\" sizes=\"auto, (max-width: 300px) 100vw, 300px\" \/><\/p>\n<p>El taller de inducci\u00f3n y reinducci\u00f3n se estructur\u00f3 en cuatro m\u00f3dulos como: misi\u00f3n, visi\u00f3n, valores y pol\u00edtica de calidad de la Secretar\u00eda de Educaci\u00f3n de Bol\u00edvar, rol docente del siglo XXI, responsabilidades pedag\u00f3gicas,  utilizaci\u00f3n de recursos para la ense\u00f1anza, conocimientos administrativos, contractuales y aplicaci\u00f3n de plataformas de ense\u00f1anza-aprendizaje para impartir una mejor educaci\u00f3n.<\/p>\n<p>Ana Mar\u00eda Guardo Arellano, facilitadora del proceso de Inducci\u00f3n y Reinducci\u00f3n de la caja de Compensaci\u00f3n Familiar Comfamiliar, dijo que estos espacios permiten tanto  a la Secretaria de Educaci\u00f3n,  como al Ministerio de Educaci\u00f3n llegar hasta los ambientes del docente.<\/p>\n<p>\u201cEn esta oportunidad el departamento ha hecho un esfuerzo inmenso para adelantar este tipo de ejercicios  en cada uno de los sitios donde laboran los maestros activos  de Bol\u00edvar, sinti\u00e9ndose atendidos y alagados por la presencia institucional en la zona\u201d, precis\u00f3 la funcionaria.<\/p>\n","protected":false},"excerpt":{"rendered":"<p>La gobernaci\u00f3n de Bol\u00edvar, a trav\u00e9s de la Secretar\u00eda de Educaci\u00f3n, avanza con los procesos de inducci\u00f3n y reinducci\u00f3n de los m\u00e9todos educativos que deben adelantar acorde con las directrices emanadas del Ministerio de Educaci\u00f3n Nacional, los maestros en cada uno de los establecimientos educativos oficiales nombrados en el departamento. Para ello ha realizado talleres que pretenden destacar el rol del maestro en la sociedad, los retos que enfrentan, los cambios que se est\u00e1n dando por las pol\u00edticas educativas, el marco en que se ha desenvuelto la revoluci\u00f3n educativa en&#8230; <\/p>\n","protected":false},"author":3,"featured_media":13944,"comment_status":"open","ping_status":"closed","sticky":false,"template":"","format":"standard","meta":{"footnotes":"","_links_to":"","_links_to_target":""},"categories":[33,80],"tags":[],"class_list":["post-13942","post","type-post","status-publish","format-standard","has-post-thumbnail","hentry","category-actualidad-bolivar","category-region"],"_links":{"self":[{"href":"https:\/\/revistazetta.com\/index.php?rest_route=\/wp\/v2\/posts\/13942","targetHints":{"allow":["GET"]}}],"collection":[{"href":"https:\/\/revistazetta.com\/index.php?rest_route=\/wp\/v2\/posts"}],"about":[{"href":"https:\/\/revistazetta.com\/index.php?rest_route=\/wp\/v2\/types\/post"}],"author":[{"embeddable":true,"href":"https:\/\/revistazetta.com\/index.php?rest_route=\/wp\/v2\/users\/3"}],"replies":[{"embeddable":true,"href":"https:\/\/revistazetta.com\/index.php?rest_route=%2Fwp%2Fv2%2Fcomments&post=13942"}],"version-history":[{"count":0,"href":"https:\/\/revistazetta.com\/index.php?rest_route=\/wp\/v2\/posts\/13942\/revisions"}],"wp:featuredmedia":[{"embeddable":true,"href":"https:\/\/revistazetta.com\/index.php?rest_route=\/wp\/v2\/media\/13944"}],"wp:attachment":[{"href":"https:\/\/revistazetta.com\/index.php?rest_route=%2Fwp%2Fv2%2Fmedia&parent=13942"}],"wp:term":[{"taxonomy":"category","embeddable":true,"href":"https:\/\/revistazetta.com\/index.php?rest_route=%2Fwp%2Fv2%2Fcategories&post=13942"},{"taxonomy":"post_tag","embeddable":true,"href":"https:\/\/revistazetta.com\/index.php?rest_route=%2Fwp%2Fv2%2Ftags&post=13942"}],"curies":[{"name":"wp","href":"https:\/\/api.w.org\/{rel}","templated":true}]}}