{"id":13955,"date":"2016-06-20T05:25:38","date_gmt":"2016-06-20T10:25:38","guid":{"rendered":"http:\/\/www.revistazetta.com\/?p=13955"},"modified":"2016-06-20T05:25:38","modified_gmt":"2016-06-20T10:25:38","slug":"mesa-trabajo-abordar-problemas-del-gremio-mototaxistas","status":"publish","type":"post","link":"https:\/\/revistazetta.com\/?p=13955","title":{"rendered":"Mesa de trabajo para abordar problemas del gremio de mototaxistas"},"content":{"rendered":"<p>El senador cartagenero, Fernando Nicol\u00e1s Ara\u00fajo, concert\u00f3 una mesa de trabajo entre el gerente del Sistema Integrado de Transporte, Transcaribe, Humberto Ripoll, el director del Departamento de Tr\u00e1nsito y Transporte, Edilberto Goez, y representantes de los mototaxistas, con el objeto de  buscar alternativas de soluci\u00f3n a problem\u00e1ticas de este gremio.<\/p>\n<p>Durante el desarrollo del encuentro se expusieron las necesidades y peticiones de este sector, entre las que se encuentran: capacitaci\u00f3n a trav\u00e9s del Sena para poder ejercer otra actividad, rigurosidad por parte de los agentes de tr\u00e1nsito y una caracterizaci\u00f3n de los mototaxistas en Cartagena.<\/p>\n<p>\u201cFue un dialogo para escuchar las peticiones de esta comunidad, escuchar tambi\u00e9n algunas quejas, y se tomaron algunas determinaciones que nos permitir\u00e1n avanzar en este proceso de acople a la  nueva realidad de la ciudad de manera concertada, para que tenga armon\u00eda y no genere crisis y conflictos sociales\u201d, dijo Ara\u00fajo.<\/p>\n<p>En ese sentido el Senador expres\u00f3 que de los 80 mil mototaxistas que hay en la ciudad de Cartagena, pocos est\u00e1n afiliados a la seguridad social, lo que se convertir\u00e1 en un problema a largo plazo, por lo que urge empezar a mirar las alternativas que permitan a ese gremio cotizar, \u201c\u00bfQu\u00e9 va a pasar en 15 o 20 a\u00f1os con los motoraxistas que no cotizan pensi\u00f3n? Esos son temas que la ciudad tiene que ir abordando desde ya\u00bb.<\/p>\n<p>Al finalizar la reuni\u00f3n se acord\u00f3 por parte del Departamento de Tr\u00e1nsito y Transporte de Cartagena poner mayor lupa en los agentes de tr\u00e1nsito que se extralimiten en sus funciones y que hagan abuso de poder.<\/p>\n<p>As\u00ed mismo, las partes tambi\u00e9n acordaron estudiar la posibilidad de hacer una caracterizaci\u00f3n del mototaxismo de manera que se pueda organizar o transformar llev\u00e1ndolo a otra actividad e inclusive buscar que aporten a la seguridad social<\/p>\n","protected":false},"excerpt":{"rendered":"<p>El senador cartagenero, Fernando Nicol\u00e1s Ara\u00fajo, concert\u00f3 una mesa de trabajo entre el gerente del Sistema Integrado de Transporte, Transcaribe, Humberto Ripoll, el director del Departamento de Tr\u00e1nsito y Transporte, Edilberto Goez, y representantes de los mototaxistas, con el objeto de buscar alternativas de soluci\u00f3n a problem\u00e1ticas de este gremio. Durante el desarrollo del encuentro se expusieron las necesidades y peticiones de este sector, entre las que se encuentran: capacitaci\u00f3n a trav\u00e9s del Sena para poder ejercer otra actividad, rigurosidad por parte de los agentes de tr\u00e1nsito y una caracterizaci\u00f3n&#8230; <\/p>\n","protected":false},"author":3,"featured_media":0,"comment_status":"open","ping_status":"closed","sticky":false,"template":"","format":"standard","meta":{"footnotes":"","_links_to":"","_links_to_target":""},"categories":[87],"tags":[],"class_list":["post-13955","post","type-post","status-publish","format-standard","hentry","category-movilidad"],"_links":{"self":[{"href":"https:\/\/revistazetta.com\/index.php?rest_route=\/wp\/v2\/posts\/13955","targetHints":{"allow":["GET"]}}],"collection":[{"href":"https:\/\/revistazetta.com\/index.php?rest_route=\/wp\/v2\/posts"}],"about":[{"href":"https:\/\/revistazetta.com\/index.php?rest_route=\/wp\/v2\/types\/post"}],"author":[{"embeddable":true,"href":"https:\/\/revistazetta.com\/index.php?rest_route=\/wp\/v2\/users\/3"}],"replies":[{"embeddable":true,"href":"https:\/\/revistazetta.com\/index.php?rest_route=%2Fwp%2Fv2%2Fcomments&post=13955"}],"version-history":[{"count":0,"href":"https:\/\/revistazetta.com\/index.php?rest_route=\/wp\/v2\/posts\/13955\/revisions"}],"wp:attachment":[{"href":"https:\/\/revistazetta.com\/index.php?rest_route=%2Fwp%2Fv2%2Fmedia&parent=13955"}],"wp:term":[{"taxonomy":"category","embeddable":true,"href":"https:\/\/revistazetta.com\/index.php?rest_route=%2Fwp%2Fv2%2Fcategories&post=13955"},{"taxonomy":"post_tag","embeddable":true,"href":"https:\/\/revistazetta.com\/index.php?rest_route=%2Fwp%2Fv2%2Ftags&post=13955"}],"curies":[{"name":"wp","href":"https:\/\/api.w.org\/{rel}","templated":true}]}}