{"id":13958,"date":"2016-06-20T06:32:43","date_gmt":"2016-06-20T11:32:43","guid":{"rendered":"http:\/\/www.revistazetta.com\/?p=13958"},"modified":"2016-06-20T06:32:43","modified_gmt":"2016-06-20T11:32:43","slug":"las-esperanzas-del-ipcc-unas-mejores-fiestas-independencia-parecen-eco-los-cartageneros-encuesta","status":"publish","type":"post","link":"https:\/\/revistazetta.com\/?p=13958","title":{"rendered":"Las esperanzas del IPCC de unas mejores Fiestas de Independencia parecen hacer eco en los cartageneros\/ Encuesta"},"content":{"rendered":"<p>El IPCC y la Alcald\u00eda de Cartagena se han planteado el objetivo de hacer de las pr\u00f3ximas fiestas de independencia un acontecimiento para sensibilizar a la ciudadan\u00eda y avanzar en el reconocimiento de la fiesta como patrimonio inmaterial del Distrito, as\u00ed como de la Naci\u00f3n. Otra de las metas propuestas es la reconstrucci\u00f3n del tejido social, el disfrute en esta celebraci\u00f3n por parte tanto de de turistas como de los  habitantes locales; se espera que muchos en vez de salir de la ciudad para esa fecha, opten quedarse a disfrutar.<\/p>\n<p>En el marco del lanzamiento de estas fiestas y teniendo en cuenta estos objetivos planteados, Revista Zetta consult\u00f3 a sus lectores sobre como cre\u00edan que ser\u00eda esta celebraci\u00f3n en el presente a\u00f1o 2016 y al parecer esas estas intenciones, entusiasmo y confianza en que ser\u00e1n mejores, est\u00e1n haciendo eco en algunos cartageneros o por lo menos as\u00ed lo muestran las opiniones de quienes dejaron su voto en la encuesta de la semana.<\/p>\n<p>Entre las opciones de respuesta dadas en la encuesta realizada (c\u00edvicas, ca\u00f3ticas, o indiferentes) se encuentra que  un 0%  ve estas fiestas con indiferencia, un  33.33% opina que esta celebraci\u00f3n ser\u00e1 ca\u00f3tica y un 66.67%, considera que ser\u00e1 c\u00edvica.<\/p>\n","protected":false},"excerpt":{"rendered":"<p>El IPCC y la Alcald\u00eda de Cartagena se han planteado el objetivo de hacer de las pr\u00f3ximas fiestas de independencia un acontecimiento para sensibilizar a la ciudadan\u00eda y avanzar en el reconocimiento de la fiesta como patrimonio inmaterial del Distrito, as\u00ed como de la Naci\u00f3n. Otra de las metas propuestas es la reconstrucci\u00f3n del tejido social, el disfrute en esta celebraci\u00f3n por parte tanto de de turistas como de los habitantes locales; se espera que muchos en vez de salir de la ciudad para esa fecha, opten quedarse a disfrutar&#8230;. <\/p>\n","protected":false},"author":3,"featured_media":13930,"comment_status":"open","ping_status":"closed","sticky":false,"template":"","format":"standard","meta":{"footnotes":"","_links_to":"","_links_to_target":""},"categories":[2],"tags":[],"class_list":["post-13958","post","type-post","status-publish","format-standard","has-post-thumbnail","hentry","category-actualidad"],"_links":{"self":[{"href":"https:\/\/revistazetta.com\/index.php?rest_route=\/wp\/v2\/posts\/13958","targetHints":{"allow":["GET"]}}],"collection":[{"href":"https:\/\/revistazetta.com\/index.php?rest_route=\/wp\/v2\/posts"}],"about":[{"href":"https:\/\/revistazetta.com\/index.php?rest_route=\/wp\/v2\/types\/post"}],"author":[{"embeddable":true,"href":"https:\/\/revistazetta.com\/index.php?rest_route=\/wp\/v2\/users\/3"}],"replies":[{"embeddable":true,"href":"https:\/\/revistazetta.com\/index.php?rest_route=%2Fwp%2Fv2%2Fcomments&post=13958"}],"version-history":[{"count":0,"href":"https:\/\/revistazetta.com\/index.php?rest_route=\/wp\/v2\/posts\/13958\/revisions"}],"wp:featuredmedia":[{"embeddable":true,"href":"https:\/\/revistazetta.com\/index.php?rest_route=\/wp\/v2\/media\/13930"}],"wp:attachment":[{"href":"https:\/\/revistazetta.com\/index.php?rest_route=%2Fwp%2Fv2%2Fmedia&parent=13958"}],"wp:term":[{"taxonomy":"category","embeddable":true,"href":"https:\/\/revistazetta.com\/index.php?rest_route=%2Fwp%2Fv2%2Fcategories&post=13958"},{"taxonomy":"post_tag","embeddable":true,"href":"https:\/\/revistazetta.com\/index.php?rest_route=%2Fwp%2Fv2%2Ftags&post=13958"}],"curies":[{"name":"wp","href":"https:\/\/api.w.org\/{rel}","templated":true}]}}