{"id":13963,"date":"2016-06-20T16:40:16","date_gmt":"2016-06-20T21:40:16","guid":{"rendered":"http:\/\/www.revistazetta.com\/?p=13963"},"modified":"2016-06-20T16:40:16","modified_gmt":"2016-06-20T21:40:16","slug":"secretaria-participacion-se-pronuncia-caso-agresion-sexual-transcaribe","status":"publish","type":"post","link":"https:\/\/revistazetta.com\/?p=13963","title":{"rendered":"Secretar\u00eda de Participaci\u00f3n se pronuncia sobre caso de  agresi\u00f3n sexual  en Transcaribe"},"content":{"rendered":"<p>La Secretar\u00eda de Participaci\u00f3n y Desarrollo Social,  a trav\u00e9s de su Unidad de Asuntos para la Mujer,  rechaz\u00f3  rotundamente el caso donde una joven result\u00f3 agredida sexualmente  mientras se desplazaba en un bus del sistema integrado de transporte masivo (SITM) de la ciudad.<\/p>\n<p>\u201cNo aceptamos ning\u00fan tipo de abuso ni violencia contra la mujer. Las mujeres  no deben tener ning\u00fan temor para denunciar,  ellas no est\u00e1n solas, ellas cuentan con  la asesor\u00eda y acompa\u00f1amiento permanente  de  la Secretar\u00eda\u201d, advirti\u00f3  Mar\u00eda Elvira M\u00e1rquez, secretaria de Participaci\u00f3n.<\/p>\n<p>La funcionaria se\u00f1al\u00f3 que la joven v\u00edctima, que es menor de edad, ya est\u00e1 recibiendo atenci\u00f3n psicosocial y jur\u00eddica por parte de un equipo de funcionarios delegados para que este proceso avance r\u00e1pidamente   y  el  agresor responda  ante la ley.<\/p>\n<p>\u201cHay que sentar un precedente, no debemos ni podemos permitir  un solo caso m\u00e1s de agresi\u00f3n sexual contra las mujeres en Transcaribe ni en ning\u00fan otro sitio de Cartagena. Llegaremos con este caso hasta las \u00faltimas instancias\u201d, agreg\u00f3 M\u00e1rquez.<\/p>\n<p>Por \u00faltimo, la jefa de la cartera social del Distrito asegur\u00f3 que se vienen realizando campa\u00f1as en varios puntos de la ciudad para prevenir la violencia contra la mujer,  y  que en los pr\u00f3ximos d\u00edas se har\u00e1  una toma a  Transcaribe para concientizar a los usuarios del sistema sobre el rechazo que merecen estos  actos.<\/p>\n","protected":false},"excerpt":{"rendered":"<p>La Secretar\u00eda de Participaci\u00f3n y Desarrollo Social, a trav\u00e9s de su Unidad de Asuntos para la Mujer, rechaz\u00f3 rotundamente el caso donde una joven result\u00f3 agredida sexualmente mientras se desplazaba en un bus del sistema integrado de transporte masivo (SITM) de la ciudad. \u201cNo aceptamos ning\u00fan tipo de abuso ni violencia contra la mujer. Las mujeres no deben tener ning\u00fan temor para denunciar, ellas no est\u00e1n solas, ellas cuentan con la asesor\u00eda y acompa\u00f1amiento permanente de la Secretar\u00eda\u201d, advirti\u00f3 Mar\u00eda Elvira M\u00e1rquez, secretaria de Participaci\u00f3n. La funcionaria se\u00f1al\u00f3 que la&#8230; <\/p>\n","protected":false},"author":3,"featured_media":0,"comment_status":"open","ping_status":"closed","sticky":false,"template":"","format":"standard","meta":{"footnotes":"","_links_to":"","_links_to_target":""},"categories":[32],"tags":[],"class_list":["post-13963","post","type-post","status-publish","format-standard","hentry","category-actualidad-distrito"],"_links":{"self":[{"href":"https:\/\/revistazetta.com\/index.php?rest_route=\/wp\/v2\/posts\/13963","targetHints":{"allow":["GET"]}}],"collection":[{"href":"https:\/\/revistazetta.com\/index.php?rest_route=\/wp\/v2\/posts"}],"about":[{"href":"https:\/\/revistazetta.com\/index.php?rest_route=\/wp\/v2\/types\/post"}],"author":[{"embeddable":true,"href":"https:\/\/revistazetta.com\/index.php?rest_route=\/wp\/v2\/users\/3"}],"replies":[{"embeddable":true,"href":"https:\/\/revistazetta.com\/index.php?rest_route=%2Fwp%2Fv2%2Fcomments&post=13963"}],"version-history":[{"count":0,"href":"https:\/\/revistazetta.com\/index.php?rest_route=\/wp\/v2\/posts\/13963\/revisions"}],"wp:attachment":[{"href":"https:\/\/revistazetta.com\/index.php?rest_route=%2Fwp%2Fv2%2Fmedia&parent=13963"}],"wp:term":[{"taxonomy":"category","embeddable":true,"href":"https:\/\/revistazetta.com\/index.php?rest_route=%2Fwp%2Fv2%2Fcategories&post=13963"},{"taxonomy":"post_tag","embeddable":true,"href":"https:\/\/revistazetta.com\/index.php?rest_route=%2Fwp%2Fv2%2Ftags&post=13963"}],"curies":[{"name":"wp","href":"https:\/\/api.w.org\/{rel}","templated":true}]}}